{"id":101948,"date":"2020-03-28T17:00:05","date_gmt":"2020-03-28T15:00:05","guid":{"rendered":"http:\/\/www.tucomarca.com\/wordpress\/segunda\/?p=101948"},"modified":"2020-03-28T17:00:07","modified_gmt":"2020-03-28T15:00:07","slug":"sanitat-confirma-502-nuevos-contagios-y-36-muertos-por-coronavirus-en-las-ultimas-24-horas-con-lo-que-eleva-los-casos-activos-a-4-034-en-la-comunitat","status":"publish","type":"post","link":"https:\/\/tucomarca.whitekongsoftware.com\/ca\/sanitat-confirma-502-nuevos-contagios-y-36-muertos-por-coronavirus-en-las-ultimas-24-horas-con-lo-que-eleva-los-casos-activos-a-4-034-en-la-comunitat\/","title":{"rendered":"Sanitat confirma 502 nuevos contagios y 36 muertos por coronavirus en las \u00faltimas 24 horas con lo que eleva los casos activos a 4.034 en la Comunitat"},"content":{"rendered":"\n<p class=\"wp-block-paragraph\">La consellera de Sanitat Universal i Salut P\u00fablica, Ana Barcel\u00f3, ha comparegut aquest dissabte per actualitzar la informaci\u00f3 sobre la incid\u00e8ncia de l&#8217;coronavirus a la Comunitat Valenciana. Barcel\u00f3 ha confirmat 502 nous casos positius, que eleven a 4.034 el total de casos positius, dels quals 1.694 es troben ingressats a l&#8217;hospital i 282 d&#8217;ells a l&#8217;UCI.<\/p>\n\n\n\n<p class=\"wp-block-paragraph\">Dels 502 nous casos positius, 37 es troben a la prov\u00edncia de Castell\u00f3, 229 a la prov\u00edncia d&#8217;Alacant i 236 a la de Val\u00e8ncia.<\/p>\n\n\n\n<p class=\"wp-block-paragraph\">Per prov\u00edncies, el nombre total de casos positius \u00e9s de 449 a la prov\u00edncia de Castell\u00f3 (182 hospitalitzats, 32 d&#8217;ells a l&#8217;UCI), 1.322 a la prov\u00edncia d&#8217;Alacant (548 hospitalitzats i 98 d&#8217;ells a l&#8217;UCI), i 2.263 en la prov\u00edncia de Val\u00e8ncia (964 hospitalitzats i 152 d&#8217;ells a l&#8217;UCI). El nombre de professionals de la Sanitat que han donat positiu en total \u00e9s de 703 (94 a la prov\u00edncia de Castell\u00f3, 290 a la d&#8217;Alacant i 319 a la prov\u00edncia de Val\u00e8ncia).<\/p>\n\n\n\n<p class=\"wp-block-paragraph\">Fins aquest dissabte s&#8217;han produ\u00eft un total de 234 morts a la Comunitat Valenciana: 21 a la prov\u00edncia de Castell\u00f3, 104 a la de Val\u00e8ncia i 109 a la d&#8217;Alacant. A el mateix temps, s&#8217;han donat un total de 92 altes: 4 a la prov\u00edncia de Castell\u00f3, 20 a la d&#8217;Alacant i 68 a la prov\u00edncia de Val\u00e8ncia.<\/p>\n\n\n\n<p class=\"wp-block-paragraph\">Les proves que han donat un resultat negatiu fins al moment s\u00f3n 12.195. A m\u00e9s, al n\u00famero 900S s&#8217;han at\u00e8s m\u00e9s de 48.300 trucades des de la posada en marxa. D&#8217;altra banda, un total de 2.345 persones han sol\u00b7licitat cita telef\u00f2nica a trav\u00e9s d&#8217;aquest servei.<\/p>\n\n\n\n<p class=\"wp-block-paragraph\">Fins al moment, 2.052 professionals de la Sanitat s&#8217;han inscrit a la borsa de treball habilitada per la Conselleria perqu\u00e8 personal m\u00e8dic i d&#8217;Infermeria jubilat amb edats fins als 70 anys i personal facultatiu que encara no t\u00e9 especialitat puguin ajudar a combatre el coronavirus.<\/p>\n\n\n\n<p class=\"wp-block-paragraph\">Actualitzaci\u00f3 de la situaci\u00f3 en resid\u00e8ncies de gent gran<\/p>\n\n\n\n<p class=\"wp-block-paragraph\">La consellera ha actualitzat tamb\u00e9 la situaci\u00f3 de les resid\u00e8ncies de majors de la Comunitat Valenciana. Fins al moment s&#8217;han detectat casos positius en 61 centres (6 a la prov\u00edncia de Castell\u00f3, 16 a la prov\u00edncia d&#8217;Alacant, 39 a la prov\u00edncia de Val\u00e8ncia):<\/p>\n\n\n\n<p class=\"wp-block-paragraph\">\u00b7 Residents que han donat positiu: 292 (32 a la prov\u00edncia Castell\u00f3, 105 a la Alacant i 155 a la prov\u00edncia Val\u00e8ncia)<\/p>\n\n\n\n<p class=\"wp-block-paragraph\">\u00b7 Personal treballador que ha donat positiu: 91 (8 a la prov\u00edncia Castell\u00f3, 20 a la Alacant i 63 a la prov\u00edncia de Val\u00e8ncia)<\/p>\n\n\n\n<p class=\"wp-block-paragraph\">\u00b7 Residents que han falleido: 61 (2 a la prov\u00edncia de Castell\u00f3, 38 a la d&#8217;Alacant i 21 a la prov\u00edncia Val\u00e8ncia)<\/p>\n\n\n\n<p class=\"wp-block-paragraph\">A hores d&#8217;ara, es troben sota vigil\u00e0ncia activa de control sanitari les resid\u00e8ncies Santa Elena de Torrent, DomusVi d&#8217;Alcoi, DomusVi Babel (Alacant), Sant Joan Baptista de Morella i la resid\u00e8ncia Saba de Requena.<\/p>\n\n\n\n<p class=\"wp-block-paragraph\">Llits lliures en hospitals<\/p>\n\n\n\n<p class=\"wp-block-paragraph\">La Comunitat Valenciana compta en aquests moments, segons ha anunciat la consellera de Sanitat, amb un total de 4.689 llits lliures, incloent-hi els hospitals p\u00fablics i privats: 638 a la prov\u00edncia de Castell\u00f3, 1.660 a la d&#8217;Alacant i 2.391 a la prov\u00edncia de Val\u00e8ncia.<\/p>\n\n\n\n<p class=\"wp-block-paragraph\">Rangs d&#8217;edat en casos positius i persones mortes<\/p>\n\n\n\n<p class=\"wp-block-paragraph\">Els casos positius a la Comunitat Valenciana es classifiquen en els seg\u00fcents rangs d&#8217;edat:<\/p>\n\n\n\n<p class=\"wp-block-paragraph\">\u00b7 0-9 anys: 0.5%<\/p>\n\n\n\n<p class=\"wp-block-paragraph\">\u00b7 0-19 anys: 0,7%<\/p>\n\n\n\n<p class=\"wp-block-paragraph\">\u00b7 20-29 anys: 5.2%<\/p>\n\n\n\n<p class=\"wp-block-paragraph\">\u00b7 30-39 anys: 9.8%<\/p>\n\n\n\n<p class=\"wp-block-paragraph\">\u00b7 40-49 anys: 14.4%<\/p>\n\n\n\n<p class=\"wp-block-paragraph\">\u00b7 50-59 anys: 18.1%<\/p>\n\n\n\n<p class=\"wp-block-paragraph\">\u00b7 60-69 anys: 18%<\/p>\n\n\n\n<p class=\"wp-block-paragraph\">\u00b7 70-79 anys: 18.1%<\/p>\n\n\n\n<p class=\"wp-block-paragraph\">\u00b7 80-89 anys: 11.6%<\/p>\n\n\n\n<p class=\"wp-block-paragraph\">\u00b7 90 o m\u00e9s: 3.3%<\/p>\n\n\n\n<p class=\"wp-block-paragraph\">D&#8217;altra banda, el rang d&#8217;edat dels morts fins al moment \u00e9s el seg\u00fcent:<\/p>\n\n\n\n<p class=\"wp-block-paragraph\">\u00b7 30-39 anys: 1.4%<\/p>\n\n\n\n<p class=\"wp-block-paragraph\">\u00b7 40-49 anys: 0,9%<\/p>\n\n\n\n<p class=\"wp-block-paragraph\">\u00b7 50-59 anys: 1.9%<\/p>\n\n\n\n<p class=\"wp-block-paragraph\">\u00b7 60-69 anys: 10.3%<\/p>\n\n\n\n<p class=\"wp-block-paragraph\">\u00b7 70-79 anys: 29.0%<\/p>\n\n\n\n<p class=\"wp-block-paragraph\">\u00b7 80-89 anys: 37.9%<\/p>\n\n\n\n<p class=\"wp-block-paragraph\">\u00b7 90 o m\u00e9s: 18.7%<\/p>\n\n\n\n<p class=\"wp-block-paragraph\">Recepta electr\u00f2nica per funcionariat<\/p>\n\n\n\n<p class=\"wp-block-paragraph\">La consellera ha anunciat que la Conselleria de Sanitat Universal i Salut P\u00fablica ha activat ja l&#8217;acc\u00e9s a la recepta electr\u00f2nica per funcionariat p\u00fablic adscrit a MUFACE, ISFAS i MUGEJU en la seva modalitat d&#8217;assist\u00e8ncia per part de l&#8217;Sistema Nacional de Salut amb l&#8217;objectiu que &#8221; puguin beneficiar-se d&#8217;aquest sistema que permet la visita no presencial amb el personal facultatiu i la dispensaci\u00f3 sense paper a les farm\u00e0cies, el que contribueix aix\u00ed a reduir el risc de contagi per coronavirus d&#8217;acord amb les mesures adoptades per aquesta Conselleria per a la resta de ciutadans i ciutadanes valencians &#8220;, ha dit.<\/p>\n\n\n\n<p class=\"wp-block-paragraph\">D&#8217;aquesta manera, el funcionariat mutualista que hagi optat per rebre l&#8217;assist\u00e8ncia sanit\u00e0ria a trav\u00e9s de el Servei Valenci\u00e0 de Salut, queda habilitats en el Sistema d&#8217;Informaci\u00f3 de Recepta Electr\u00f2nica de el sistema p\u00fablic i podr\u00e0 retirar la seva medicaci\u00f3 sense els talonaris que fa servir habitualment i amb un contacte telem\u00e0tic amb el personal sanitari.<\/p>\n\n\n\n<p class=\"wp-block-paragraph\">Tota la informaci\u00f3 actualitzada<strong>:\u00a0<a rel=\"noreferrer noopener\" href=\"http:\/\/www.san.gva.es\/web_estatica\/coronavirus\/coronavirus_es.html\" target=\"_blank\">consultar aqu\u00ed<\/a><\/strong><\/p>\n","protected":false},"excerpt":{"rendered":"<div class=\"mh-excerpt\">La consellera de Sanitat Universal i Salut P\u00fablica, Ana Barcel\u00f3, ha comparegut aquest dissabte per actualitzar la informaci\u00f3 sobre la incid\u00e8ncia de l&#8217;coronavirus a la Comunitat Valenciana. Barcel\u00f3 ha confirmat 502 nous casos positius, que <a class=\"mh-excerpt-more\" href=\"https:\/\/tucomarca.whitekongsoftware.com\/ca\/sanitat-confirma-502-nuevos-contagios-y-36-muertos-por-coronavirus-en-las-ultimas-24-horas-con-lo-que-eleva-los-casos-activos-a-4-034-en-la-comunitat\/\" title=\"Sanitat confirma 502 nuevos contagios y 36 muertos por coronavirus en las \u00faltimas 24 horas con lo que eleva los casos activos a 4.034 en la Comunitat\">[+] <\/a><\/div>\n","protected":false},"author":1,"featured_media":101075,"comment_status":"open","ping_status":"open","sticky":false,"template":"","format":"standard","meta":{"footnotes":""},"categories":[11010,10898,10948,10894,10904,10903,10947,10896,10897],"tags":[11937,11939,11940,11938,11952,11951],"class_list":["post-101948","post","type-post","status-publish","format-standard","has-post-thumbnail","category-canal-salud","category-ventana-ca","category-infraestructuras-ca","category-la-comarca-ca","category-sin-categorizar-ca","category-medio-ambiente-la-comarca-ca","category-politica","category-seccion-ca","category-sucesos-la-comarca-ca","tag-coronavirus","tag-coronavirus-ca","tag-covid-19-ca","tag-covid-19","tag-covid2019-ca","tag-covid2019"],"_links":{"self":[{"href":"https:\/\/tucomarca.whitekongsoftware.com\/ca\/wp-json\/wp\/v2\/posts\/101948","targetHints":{"allow":["GET"]}}],"collection":[{"href":"https:\/\/tucomarca.whitekongsoftware.com\/ca\/wp-json\/wp\/v2\/posts"}],"about":[{"href":"https:\/\/tucomarca.whitekongsoftware.com\/ca\/wp-json\/wp\/v2\/types\/post"}],"author":[{"embeddable":true,"href":"https:\/\/tucomarca.whitekongsoftware.com\/ca\/wp-json\/wp\/v2\/users\/1"}],"replies":[{"embeddable":true,"href":"https:\/\/tucomarca.whitekongsoftware.com\/ca\/wp-json\/wp\/v2\/comments?post=101948"}],"version-history":[{"count":0,"href":"https:\/\/tucomarca.whitekongsoftware.com\/ca\/wp-json\/wp\/v2\/posts\/101948\/revisions"}],"wp:featuredmedia":[{"embeddable":true,"href":"https:\/\/tucomarca.whitekongsoftware.com\/ca\/wp-json\/wp\/v2\/media\/101075"}],"wp:attachment":[{"href":"https:\/\/tucomarca.whitekongsoftware.com\/ca\/wp-json\/wp\/v2\/media?parent=101948"}],"wp:term":[{"taxonomy":"category","embeddable":true,"href":"https:\/\/tucomarca.whitekongsoftware.com\/ca\/wp-json\/wp\/v2\/categories?post=101948"},{"taxonomy":"post_tag","embeddable":true,"href":"https:\/\/tucomarca.whitekongsoftware.com\/ca\/wp-json\/wp\/v2\/tags?post=101948"}],"curies":[{"name":"wp","href":"https:\/\/api.w.org\/{rel}","templated":true}]}}