{"id":101916,"date":"2020-03-27T23:15:54","date_gmt":"2020-03-27T21:15:54","guid":{"rendered":"http:\/\/www.tucomarca.com\/wordpress\/segunda\/?p=101916"},"modified":"2020-03-27T23:15:56","modified_gmt":"2020-03-27T21:15:56","slug":"lajuntament-dalboraig-suspen-el-ple-ordinari-de-marc","status":"publish","type":"post","link":"https:\/\/tucomarca.whitekongsoftware.com\/ca\/lajuntament-dalboraig-suspen-el-ple-ordinari-de-marc\/","title":{"rendered":"L&#8217;Ajuntament d&#8217;Alboraig susp\u00e9n el ple ordinari de mar\u00e7"},"content":{"rendered":"\n<ul class=\"wp-block-gallery columns-2 is-cropped wp-block-gallery-1 is-layout-flex wp-block-gallery-is-layout-flex\"><li class=\"blocks-gallery-item\"><figure><img loading=\"lazy\" decoding=\"async\" width=\"787\" height=\"505\" src=\"http:\/\/www.tucomarca.com\/wordpress\/segunda\/wp-content\/uploads\/2020\/03\/Desinfec-Alborache3.jpeg\" alt=\"\" data-id=\"101919\" data-link=\"http:\/\/www.tucomarca.com\/wordpress\/segunda\/?attachment_id=101919\" class=\"wp-image-101919\" srcset=\"https:\/\/tucomarca.whitekongsoftware.com\/wp-content\/uploads\/2020\/03\/Desinfec-Alborache3.jpeg 787w, https:\/\/tucomarca.whitekongsoftware.com\/wp-content\/uploads\/2020\/03\/Desinfec-Alborache3-300x193.jpeg 300w, https:\/\/tucomarca.whitekongsoftware.com\/wp-content\/uploads\/2020\/03\/Desinfec-Alborache3-768x493.jpeg 768w\" sizes=\"auto, (max-width: 787px) 100vw, 787px\" \/><\/figure><\/li><li class=\"blocks-gallery-item\"><figure><img loading=\"lazy\" decoding=\"async\" width=\"787\" height=\"499\" src=\"http:\/\/www.tucomarca.com\/wordpress\/segunda\/wp-content\/uploads\/2020\/03\/Desinfec-Alborache1-1.jpeg\" alt=\"\" data-id=\"101923\" data-link=\"http:\/\/www.tucomarca.com\/wordpress\/segunda\/?attachment_id=101923\" class=\"wp-image-101923\" srcset=\"https:\/\/tucomarca.whitekongsoftware.com\/wp-content\/uploads\/2020\/03\/Desinfec-Alborache1-1.jpeg 787w, https:\/\/tucomarca.whitekongsoftware.com\/wp-content\/uploads\/2020\/03\/Desinfec-Alborache1-1-300x190.jpeg 300w, https:\/\/tucomarca.whitekongsoftware.com\/wp-content\/uploads\/2020\/03\/Desinfec-Alborache1-1-768x487.jpeg 768w\" sizes=\"auto, (max-width: 787px) 100vw, 787px\" \/><\/figure><\/li><\/ul>\n\n\n\n<p class=\"wp-block-paragraph\"><strong>L&#8217;Ajuntament presa esta mesura per a previndre situacions de risc per als membres de la corporaci\u00f3 municipal<\/strong><\/p>\n\n\n\n<p class=\"wp-block-paragraph\"><strong>El consistori insistix en la necessitat de seguir les recomanacions de les autoritats sanit\u00e0ries i evitar eixides innecess\u00e0ries<\/strong><\/p>\n\n\n\n<p class=\"wp-block-paragraph\">L&#8217;Ajuntament d&#8217;Alborache ha decidit suspendre la celebraci\u00f3 del ple ordinari corresponent a el mes de mar\u00e7, que estava previst per al dia 31. D&#8217;aquesta manera, segueix la Resoluci\u00f3 de l&#8217;Secretari d&#8217;Estat de Pol\u00edtica Territorial i Funci\u00f3 P\u00fablica que recull les mesures a adoptar en els centres de treball dependents de l&#8217;Administraci\u00f3 General d&#8217;Estat amb motiu de l&#8217;COVID-19.<br>L&#8217;activitat plen\u00e0ria es reprendr\u00e0 quan sigui possible, en funci\u00f3 de les directrius que estableixen les autoritats sanit\u00e0ries de la Comunitat Valenciana i de l&#8217;Estat.<br>D&#8217;altra banda, tot i que les instal\u00b7lacions municipals romanguen tancades fins a nou av\u00eds, el consistori segueix en funcionament i atenent les necessitats b\u00e0siques de la ciutadania, a trav\u00e9s de l&#8217;correu electr\u00f2nic info@alborache.es i de el tel\u00e8fon 962.516.002.<\/p>\n\n\n\n<p class=\"wp-block-paragraph\"><strong>Desinfecci\u00f3 vi\u00e0ria municipal<\/strong><\/p>\n\n\n\n<p class=\"wp-block-paragraph\">L&#8217;Ajuntament d&#8217;Alborache ha tornat a polvoritzar amb desinfectant el municipi i les seues urbanitzacions, incidint en les zones de m\u00e9s aflu\u00e8ncia de p\u00fablic, com els comer\u00e7os oberts, els d&#8217;alimentaci\u00f3 i la farm\u00e0cia, i t\u00e9 previst repetir-aquest cap de setmana, si les condicions meteorol\u00f2giques ho permeten.<br>El consistori es recomana encaridament a la ciutadania que seguisca les recomanacions de les autoritats sanit\u00e0ries per prevenir el contagi de l&#8217;COVID-19 i compleixi amb el confinament, ja que \u00e9s la millor mesura per evitar el seu avan\u00e7.<\/p>\n","protected":false},"excerpt":{"rendered":"<div class=\"mh-excerpt\">L&#8217;Ajuntament presa esta mesura per a previndre situacions de risc per als membres de la corporaci\u00f3 municipal El consistori insistix en la necessitat de seguir les recomanacions de les autoritats sanit\u00e0ries i evitar eixides innecess\u00e0ries <a class=\"mh-excerpt-more\" href=\"https:\/\/tucomarca.whitekongsoftware.com\/ca\/lajuntament-dalboraig-suspen-el-ple-ordinari-de-marc\/\" title=\"L&#8217;Ajuntament d&#8217;Alboraig susp\u00e9n el ple ordinari de mar\u00e7\">[+] <\/a><\/div>\n","protected":false},"author":12,"featured_media":101915,"comment_status":"open","ping_status":"open","sticky":false,"template":"","format":"standard","meta":{"footnotes":""},"categories":[10973,11010,10894,10912,10947,10896,10897],"tags":[10386,11937,11938,11955,11951,5952],"class_list":["post-101916","post","type-post","status-publish","format-standard","has-post-thumbnail","category-alborache-ca","category-canal-salud","category-la-comarca-ca","category-la-hoya-ca","category-politica","category-seccion-ca","category-sucesos-la-comarca-ca","tag-alborache","tag-coronavirus","tag-covid-19","tag-covid19","tag-covid2019","tag-la-hoya-de-bunol-chiva"],"_links":{"self":[{"href":"https:\/\/tucomarca.whitekongsoftware.com\/ca\/wp-json\/wp\/v2\/posts\/101916","targetHints":{"allow":["GET"]}}],"collection":[{"href":"https:\/\/tucomarca.whitekongsoftware.com\/ca\/wp-json\/wp\/v2\/posts"}],"about":[{"href":"https:\/\/tucomarca.whitekongsoftware.com\/ca\/wp-json\/wp\/v2\/types\/post"}],"author":[{"embeddable":true,"href":"https:\/\/tucomarca.whitekongsoftware.com\/ca\/wp-json\/wp\/v2\/users\/12"}],"replies":[{"embeddable":true,"href":"https:\/\/tucomarca.whitekongsoftware.com\/ca\/wp-json\/wp\/v2\/comments?post=101916"}],"version-history":[{"count":0,"href":"https:\/\/tucomarca.whitekongsoftware.com\/ca\/wp-json\/wp\/v2\/posts\/101916\/revisions"}],"wp:featuredmedia":[{"embeddable":true,"href":"https:\/\/tucomarca.whitekongsoftware.com\/ca\/wp-json\/wp\/v2\/media\/101915"}],"wp:attachment":[{"href":"https:\/\/tucomarca.whitekongsoftware.com\/ca\/wp-json\/wp\/v2\/media?parent=101916"}],"wp:term":[{"taxonomy":"category","embeddable":true,"href":"https:\/\/tucomarca.whitekongsoftware.com\/ca\/wp-json\/wp\/v2\/categories?post=101916"},{"taxonomy":"post_tag","embeddable":true,"href":"https:\/\/tucomarca.whitekongsoftware.com\/ca\/wp-json\/wp\/v2\/tags?post=101916"}],"curies":[{"name":"wp","href":"https:\/\/api.w.org\/{rel}","templated":true}]}}