{"id":101852,"date":"2020-03-26T23:53:45","date_gmt":"2020-03-26T21:53:45","guid":{"rendered":"http:\/\/www.tucomarca.com\/wordpress\/segunda\/?p=101852"},"modified":"2020-03-27T02:02:28","modified_gmt":"2020-03-27T00:02:28","slug":"riba-roja-desinfectara-amb-productes-especifics-mes-de-630-carrers-de-casc-urba-i-de-les-urbanitzacions-que-superen-els-60-quilometres-de-longitud","status":"publish","type":"post","link":"https:\/\/tucomarca.whitekongsoftware.com\/ca\/riba-roja-desinfectara-amb-productes-especifics-mes-de-630-carrers-de-casc-urba-i-de-les-urbanitzacions-que-superen-els-60-quilometres-de-longitud\/","title":{"rendered":"Riba-roja desinfectar\u00e0 amb productes espec\u00edfics m\u00e9s de 630 carrers de casc urb\u00e0 i de les urbanitzacions que superen els 60 quil\u00f2metres de longitud"},"content":{"rendered":"\n<ul class=\"wp-block-gallery columns-1 is-cropped wp-block-gallery-1 is-layout-flex wp-block-gallery-is-layout-flex\"><li class=\"blocks-gallery-item\"><figure><img loading=\"lazy\" decoding=\"async\" width=\"787\" height=\"590\" src=\"http:\/\/www.tucomarca.com\/wordpress\/segunda\/wp-content\/uploads\/2020\/03\/Riba-rojaCOVID01.jpg\" alt=\"\" data-id=\"101848\" data-link=\"http:\/\/www.tucomarca.com\/wordpress\/segunda\/?attachment_id=101848\" class=\"wp-image-101848\" srcset=\"https:\/\/tucomarca.whitekongsoftware.com\/wp-content\/uploads\/2020\/03\/Riba-rojaCOVID01.jpg 787w, https:\/\/tucomarca.whitekongsoftware.com\/wp-content\/uploads\/2020\/03\/Riba-rojaCOVID01-300x225.jpg 300w, https:\/\/tucomarca.whitekongsoftware.com\/wp-content\/uploads\/2020\/03\/Riba-rojaCOVID01-768x576.jpg 768w, https:\/\/tucomarca.whitekongsoftware.com\/wp-content\/uploads\/2020\/03\/Riba-rojaCOVID01-678x509.jpg 678w, https:\/\/tucomarca.whitekongsoftware.com\/wp-content\/uploads\/2020\/03\/Riba-rojaCOVID01-326x245.jpg 326w, https:\/\/tucomarca.whitekongsoftware.com\/wp-content\/uploads\/2020\/03\/Riba-rojaCOVID01-80x60.jpg 80w\" sizes=\"auto, (max-width: 787px) 100vw, 787px\" \/><\/figure><\/li><\/ul>\n\n\n\n<p class=\"wp-block-paragraph\"><strong>Es tracten 39 vehicles oficials, 2 autobusos i els entorns de pas de gent<\/strong><\/p>\n\n\n\n<p class=\"wp-block-paragraph\">L&#8217;Ajuntament de Riba-roja de T\u00faria ha comen\u00e7at aquesta setmana una intensa campanya de desinfecci\u00f3 de l&#8217;nucli urb\u00e0 i les diferents \u00e0rees residencials existents al terme municipal, en la qual s&#8217;inclouen m\u00e9s de 630 carrers amb un recorregut de m\u00e9s de 60 quil\u00f2metres de dist\u00e0ncies , a m\u00e9s d&#8217;una desinfecci\u00f3 profunda cada dia d&#8217;altres 39 vehicles oficials, 2 autobusos urbans municipals i m\u00e9s de 16 entorns de pas intens de persones.<\/p>\n\n\n\n<p class=\"wp-block-paragraph\">El consistori ha contractat una empresa especialitzada en aquest tipus de tasques amb l&#8217;objectiu principal de desinfectar per complet el terme municipal i eliminar, per tant, qualsevol rastre o evid\u00e8ncia de l&#8217;anomenat Coronavirus, tant en les cal\u00e7ades, a les voreres ia la resta de l&#8217;mobiliari urb\u00e0, aix\u00ed com en tots els jardins escampats entre totes les \u00e0rees.<\/p>\n\n\n\n<p class=\"wp-block-paragraph\">Des que es va decretar l&#8217;Estat d&#8217;Alarma, l&#8217;Ajuntament de Riba-roja de T\u00faria va iniciar una campanya exhaustiva de desinfecci\u00f3 per part de l&#8217;empresa encarregada de la neteja vi\u00e0ria sobre les voreres, el mobiliari urb\u00e0 i les papereres a trav\u00e9s de m\u00e0quines hidro-netejadores a for\u00e7a d&#8217;aigua i lleixiu a la qual s&#8217;ha unit ara la participaci\u00f3 dels ve\u00efns que disposen de tractores i polvoritzadors que s&#8217;encarreguen de les cal\u00e7ades dels carrers, tamb\u00e9 amb la mateixa composici\u00f3 l\u00edquida.<\/p>\n\n\n\n<p class=\"wp-block-paragraph\">No obstant aix\u00f2, l&#8217;Ajuntament de Riba-roja ha implementat aquests treballs amb l&#8217;empresa que s&#8217;encarrega normalment de l&#8217;eliminaci\u00f3 de les plagues de rates i escarabats perqu\u00e8 empri productes espec\u00edfics en l&#8217;eliminaci\u00f3 de virus en els 40 parcs i zones esportives a l&#8217;aire lliure com biosaludables i cal\u00b7list\u00e8nia existent en tot el terme municipal, ja que es tracta d&#8217;una mercantil especialitzada en aquestes tasques.<br>\nA aquests treballs es una ara una altra empresa que completar\u00e0 la resta del programa de desinfecci\u00f3 dels espais p\u00fablics. D&#8217;aquesta manera, de forma di\u00e0ria i de dilluns a diumenge es desinfectaran un total de 39 vehicles de propietat municipal, 2 autobusos urbans i, amb una periodicitat quinzenal, la resta dels vehicles d&#8217;obres i serveis fins a un total de 12 de l&#8217;magatzem municipal . En aquest cas, s&#8217;utilitzaran productes biocides desinfectants aptes per a tot tipus de superf\u00edcie, que no fa mal i \u00e9s biodegradable.<\/p>\n\n\n\n<p class=\"wp-block-paragraph\">Pel que fa a la resta de tasques que es duran a terme, cal destacar la desinfecci\u00f3 di\u00e0ria de dilluns a dissabte dels edificis i els llocs per on transiten nombroses persones di\u00e0riament emparades en l&#8217;actual Estat d&#8217;Alarma. Aix\u00ed, es tracta del mateix ajuntament, de centre de salut, els tres banys propers a l&#8217;ambulatori i la font adjacent, el centre social i els Serveis Socials, la policia local i el parc m\u00f2bil municipal.<\/p>\n\n\n\n<p class=\"wp-block-paragraph\">Al costat d&#8217;aquests espais s&#8217;agreguen altres llocs per on transiten di\u00e0riament nombroses persones com les farm\u00e0cies existents al terme municipal, les carnisseries, els estancs, les marquesines de les parades d&#8217;autob\u00fas, la boca d&#8217;metro, el mercat municipal, els supermercats, a m\u00e9s d&#8217;altres botigues de el sector de l&#8217;alimentaci\u00f3. En total, m\u00e9s de trenta punts. L&#8217;edifici de la policia ser\u00e0 objecte, a m\u00e9s, d&#8217;una desinfecci\u00f3 di\u00e0ria, a les 20 hores.<\/p>\n\n\n\n<p class=\"wp-block-paragraph\">L&#8217;alcaldessa en funcions de Riba-roja de T\u00faria, Teresa Pozuelo, ha afirmat &#8220;que es tracta d&#8217;un conjunt de mesures que hem adoptat des del primer minut per fer tot el que estigui a les nostres mans en mat\u00e8ria de prevenci\u00f3 i d&#8217;higiene en totes les urbanitzacions i el nucli urb\u00e0 &#8220;. Pozuelo ha agra\u00eft en nom de l&#8217;ajuntament &#8220;el suport i esfor\u00e7 de tots els voluntaris i volunt\u00e0ries que s&#8217;han ofert a sumar&#8221; per lluitar contra la pand\u00e8mia.<\/p>\n\n\n\n<p class=\"wp-block-paragraph\">Aix\u00ed, ha recordat que aquestes mesures s&#8217;emmarquen en tot un conjunt d&#8217;estrat\u00e8gies que van des del lliurament de material preventiu a la posada en marxa d&#8217;un conjunt de serveis assistencials.<\/p>\n","protected":false},"excerpt":{"rendered":"<div class=\"mh-excerpt\">Es tracten 39 vehicles oficials, 2 autobusos i els entorns de pas de gent L&#8217;Ajuntament de Riba-roja de T\u00faria ha comen\u00e7at aquesta setmana una intensa campanya de desinfecci\u00f3 de l&#8217;nucli urb\u00e0 i les diferents \u00e0rees <a class=\"mh-excerpt-more\" href=\"https:\/\/tucomarca.whitekongsoftware.com\/ca\/riba-roja-desinfectara-amb-productes-especifics-mes-de-630-carrers-de-casc-urba-i-de-les-urbanitzacions-que-superen-els-60-quilometres-de-longitud\/\" title=\"Riba-roja desinfectar\u00e0 amb productes espec\u00edfics m\u00e9s de 630 carrers de casc urb\u00e0 i de les urbanitzacions que superen els 60 quil\u00f2metres de longitud\">[+] <\/a><\/div>\n","protected":false},"author":12,"featured_media":101845,"comment_status":"open","ping_status":"open","sticky":false,"template":"","format":"standard","meta":{"footnotes":""},"categories":[10892,11010,10948,10894,10903,10947,10906,10896,10897],"tags":[10631,10395,11937,11938,11955],"class_list":["post-101852","post","type-post","status-publish","format-standard","has-post-thumbnail","category-camp-de-turia-ca","category-canal-salud","category-infraestructuras-ca","category-la-comarca-ca","category-medio-ambiente-la-comarca-ca","category-politica","category-riba-roja-ca","category-seccion-ca","category-sucesos-la-comarca-ca","tag-ajuntament-de-riba-roja","tag-camp-de-turia","tag-coronavirus","tag-covid-19","tag-covid19"],"_links":{"self":[{"href":"https:\/\/tucomarca.whitekongsoftware.com\/ca\/wp-json\/wp\/v2\/posts\/101852","targetHints":{"allow":["GET"]}}],"collection":[{"href":"https:\/\/tucomarca.whitekongsoftware.com\/ca\/wp-json\/wp\/v2\/posts"}],"about":[{"href":"https:\/\/tucomarca.whitekongsoftware.com\/ca\/wp-json\/wp\/v2\/types\/post"}],"author":[{"embeddable":true,"href":"https:\/\/tucomarca.whitekongsoftware.com\/ca\/wp-json\/wp\/v2\/users\/12"}],"replies":[{"embeddable":true,"href":"https:\/\/tucomarca.whitekongsoftware.com\/ca\/wp-json\/wp\/v2\/comments?post=101852"}],"version-history":[{"count":0,"href":"https:\/\/tucomarca.whitekongsoftware.com\/ca\/wp-json\/wp\/v2\/posts\/101852\/revisions"}],"wp:featuredmedia":[{"embeddable":true,"href":"https:\/\/tucomarca.whitekongsoftware.com\/ca\/wp-json\/wp\/v2\/media\/101845"}],"wp:attachment":[{"href":"https:\/\/tucomarca.whitekongsoftware.com\/ca\/wp-json\/wp\/v2\/media?parent=101852"}],"wp:term":[{"taxonomy":"category","embeddable":true,"href":"https:\/\/tucomarca.whitekongsoftware.com\/ca\/wp-json\/wp\/v2\/categories?post=101852"},{"taxonomy":"post_tag","embeddable":true,"href":"https:\/\/tucomarca.whitekongsoftware.com\/ca\/wp-json\/wp\/v2\/tags?post=101852"}],"curies":[{"name":"wp","href":"https:\/\/api.w.org\/{rel}","templated":true}]}}