{"id":101796,"date":"2020-03-25T19:45:35","date_gmt":"2020-03-25T17:45:35","guid":{"rendered":"http:\/\/www.tucomarca.com\/wordpress\/segunda\/?p=101796"},"modified":"2020-03-25T19:59:40","modified_gmt":"2020-03-25T17:59:40","slug":"video-lajuntament-de-turis-confirma-lexistencia-de-diversos-casos-de-coronavirus-a-la-localitat","status":"publish","type":"post","link":"https:\/\/tucomarca.whitekongsoftware.com\/ca\/video-lajuntament-de-turis-confirma-lexistencia-de-diversos-casos-de-coronavirus-a-la-localitat\/","title":{"rendered":"V\u00eddeo: L&#8217;Ajuntament de Tur\u00eds confirma l&#8217;exist\u00e8ncia de diversos casos de coronavirus a la localitat"},"content":{"rendered":"\n<figure class=\"wp-block-embed-facebook wp-block-embed is-type-video is-provider-facebook\"><div class=\"wp-block-embed__wrapper\">\nhttps:\/\/www.facebook.com\/ajuntamentdeturis\/videos\/561385821159907\/\n<\/div><\/figure>\n\n\n\n<p class=\"wp-block-paragraph\">L&#8217;alcalde de Tur\u00eds ha anunciat aquest dimarts a la vesprada en un v\u00eddeo oficial l&#8217;exist\u00e8ncia de diversos casos a la localitat, encara que sense precisar el seu nombre i la tipologia dels malalts.<\/p>\n","protected":false},"excerpt":{"rendered":"<div class=\"mh-excerpt\">L&#8217;alcalde de Tur\u00eds ha anunciat aquest dimarts a la vesprada en un v\u00eddeo oficial l&#8217;exist\u00e8ncia de diversos casos a la localitat, encara que sense precisar el seu nombre i la tipologia dels malalts.<\/div>\n","protected":false},"author":1,"featured_media":101792,"comment_status":"open","ping_status":"open","sticky":false,"template":"","format":"video","meta":{"footnotes":""},"categories":[11010,10898,10948,10894,10902,10903,10947,10896,10897,11047,11062],"tags":[11937,11938,11951],"class_list":["post-101796","post","type-post","status-publish","format-video","has-post-thumbnail","category-canal-salud","category-ventana-ca","category-infraestructuras-ca","category-la-comarca-ca","category-la-ribera-ca","category-medio-ambiente-la-comarca-ca","category-politica","category-seccion-ca","category-sucesos-la-comarca-ca","category-turis-ca","category-videos","tag-coronavirus","tag-covid-19","tag-covid2019","post_format-post-format-video"],"_links":{"self":[{"href":"https:\/\/tucomarca.whitekongsoftware.com\/ca\/wp-json\/wp\/v2\/posts\/101796","targetHints":{"allow":["GET"]}}],"collection":[{"href":"https:\/\/tucomarca.whitekongsoftware.com\/ca\/wp-json\/wp\/v2\/posts"}],"about":[{"href":"https:\/\/tucomarca.whitekongsoftware.com\/ca\/wp-json\/wp\/v2\/types\/post"}],"author":[{"embeddable":true,"href":"https:\/\/tucomarca.whitekongsoftware.com\/ca\/wp-json\/wp\/v2\/users\/1"}],"replies":[{"embeddable":true,"href":"https:\/\/tucomarca.whitekongsoftware.com\/ca\/wp-json\/wp\/v2\/comments?post=101796"}],"version-history":[{"count":0,"href":"https:\/\/tucomarca.whitekongsoftware.com\/ca\/wp-json\/wp\/v2\/posts\/101796\/revisions"}],"wp:featuredmedia":[{"embeddable":true,"href":"https:\/\/tucomarca.whitekongsoftware.com\/ca\/wp-json\/wp\/v2\/media\/101792"}],"wp:attachment":[{"href":"https:\/\/tucomarca.whitekongsoftware.com\/ca\/wp-json\/wp\/v2\/media?parent=101796"}],"wp:term":[{"taxonomy":"category","embeddable":true,"href":"https:\/\/tucomarca.whitekongsoftware.com\/ca\/wp-json\/wp\/v2\/categories?post=101796"},{"taxonomy":"post_tag","embeddable":true,"href":"https:\/\/tucomarca.whitekongsoftware.com\/ca\/wp-json\/wp\/v2\/tags?post=101796"}],"curies":[{"name":"wp","href":"https:\/\/api.w.org\/{rel}","templated":true}]}}