{"id":101607,"date":"2020-03-23T15:49:21","date_gmt":"2020-03-23T13:49:21","guid":{"rendered":"http:\/\/www.tucomarca.com\/wordpress\/segunda\/?p=101607"},"modified":"2020-03-23T15:49:33","modified_gmt":"2020-03-23T13:49:33","slug":"un-empresari-de-godelleta-es-brinda-per-fabricar-mascares-de-proteccio-amb-ajuda-de-voluntaris","status":"publish","type":"post","link":"https:\/\/tucomarca.whitekongsoftware.com\/ca\/un-empresari-de-godelleta-es-brinda-per-fabricar-mascares-de-proteccio-amb-ajuda-de-voluntaris\/","title":{"rendered":"Un empresari de Godelleta es brinda per fabricar m\u00e0scares de protecci\u00f3 amb ajuda de voluntaris"},"content":{"rendered":"\n<p class=\"wp-block-paragraph\">L&#8217;alcaldessa de Godelleta, Silvia L\u00f3pez, ha confirmat l&#8217;oferta realitzada per un empresari de la localitat per confeccionar a la seva empresa mascaretes de protecci\u00f3. <\/p>\n\n\n\n<p class=\"wp-block-paragraph\">Tal com ha informeu l&#8217;alcaldessa, \u00abl&#8217;empresari est\u00e0 en contacte amb l&#8217;Hospital de Manises per a fabricar aquestes m\u00e0scares per a la qual s&#8217;ha demanat la participaci\u00f3 de voluntaris que vulguin col\u00b7laborar amb la seva m\u00e0quina de cosir\u00bb. <\/p>\n\n\n\n<p class=\"wp-block-paragraph\">Silvia L\u00f3pez ha subratllat que la iniciativa \u00abest\u00e0 tenint una repercussi\u00f3 i un suport extraordinari; i s\u00f3n molt\u00edssimes les persones que s&#8217;estan posant en contacte amb nosaltres o amb el propi empresari per participar-hi \u00bb. <\/p>\n\n\n\n<p class=\"wp-block-paragraph\">L&#8217;alcaldessa ha subratllat que ara s&#8217;est\u00e0 \u00aba l&#8217;espera que les autoritats superiors competents autoritzin la iniciativa i subministrin el material necessari per posar en marxa tot\u00bb.<\/p>\n","protected":false},"excerpt":{"rendered":"<div class=\"mh-excerpt\">L&#8217;alcaldessa de Godelleta, Silvia L\u00f3pez, ha confirmat l&#8217;oferta realitzada per un empresari de la localitat per confeccionar a la seva empresa mascaretes de protecci\u00f3. Tal com ha informeu l&#8217;alcaldessa, \u00abl&#8217;empresari est\u00e0 en contacte amb l&#8217;Hospital <a class=\"mh-excerpt-more\" href=\"https:\/\/tucomarca.whitekongsoftware.com\/ca\/un-empresari-de-godelleta-es-brinda-per-fabricar-mascares-de-proteccio-amb-ajuda-de-voluntaris\/\" title=\"Un empresari de Godelleta es brinda per fabricar m\u00e0scares de protecci\u00f3 amb ajuda de voluntaris\">[+] <\/a><\/div>\n","protected":false},"author":1,"featured_media":101605,"comment_status":"open","ping_status":"open","sticky":false,"template":"","format":"standard","meta":{"footnotes":""},"categories":[11010,10898,10977,10948,10894,10912,10903,10947,10896,10897],"tags":[11939,11937,11940,11938,11952,11951],"class_list":["post-101607","post","type-post","status-publish","format-standard","has-post-thumbnail","category-canal-salud","category-ventana-ca","category-godelleta-ca","category-infraestructuras-ca","category-la-comarca-ca","category-la-hoya-ca","category-medio-ambiente-la-comarca-ca","category-politica","category-seccion-ca","category-sucesos-la-comarca-ca","tag-coronavirus-ca","tag-coronavirus","tag-covid-19-ca","tag-covid-19","tag-covid2019-ca","tag-covid2019"],"_links":{"self":[{"href":"https:\/\/tucomarca.whitekongsoftware.com\/ca\/wp-json\/wp\/v2\/posts\/101607","targetHints":{"allow":["GET"]}}],"collection":[{"href":"https:\/\/tucomarca.whitekongsoftware.com\/ca\/wp-json\/wp\/v2\/posts"}],"about":[{"href":"https:\/\/tucomarca.whitekongsoftware.com\/ca\/wp-json\/wp\/v2\/types\/post"}],"author":[{"embeddable":true,"href":"https:\/\/tucomarca.whitekongsoftware.com\/ca\/wp-json\/wp\/v2\/users\/1"}],"replies":[{"embeddable":true,"href":"https:\/\/tucomarca.whitekongsoftware.com\/ca\/wp-json\/wp\/v2\/comments?post=101607"}],"version-history":[{"count":0,"href":"https:\/\/tucomarca.whitekongsoftware.com\/ca\/wp-json\/wp\/v2\/posts\/101607\/revisions"}],"wp:featuredmedia":[{"embeddable":true,"href":"https:\/\/tucomarca.whitekongsoftware.com\/ca\/wp-json\/wp\/v2\/media\/101605"}],"wp:attachment":[{"href":"https:\/\/tucomarca.whitekongsoftware.com\/ca\/wp-json\/wp\/v2\/media?parent=101607"}],"wp:term":[{"taxonomy":"category","embeddable":true,"href":"https:\/\/tucomarca.whitekongsoftware.com\/ca\/wp-json\/wp\/v2\/categories?post=101607"},{"taxonomy":"post_tag","embeddable":true,"href":"https:\/\/tucomarca.whitekongsoftware.com\/ca\/wp-json\/wp\/v2\/tags?post=101607"}],"curies":[{"name":"wp","href":"https:\/\/api.w.org\/{rel}","templated":true}]}}