{"id":101573,"date":"2020-03-22T14:52:47","date_gmt":"2020-03-22T12:52:47","guid":{"rendered":"http:\/\/www.tucomarca.com\/wordpress\/segunda\/?p=101573"},"modified":"2020-03-22T14:52:49","modified_gmt":"2020-03-22T12:52:49","slug":"la-comunitat-valenciana-suma-241-nous-casos-de-coronavirus-el-que-eleva-la-xifra-total-a-1-604","status":"publish","type":"post","link":"https:\/\/tucomarca.whitekongsoftware.com\/ca\/la-comunitat-valenciana-suma-241-nous-casos-de-coronavirus-el-que-eleva-la-xifra-total-a-1-604\/","title":{"rendered":"La Comunitat Valenciana suma 241 nous casos de coronavirus, el que eleva la xifra total a 1.604"},"content":{"rendered":"\n<p class=\"wp-block-paragraph\">La consellera de Sanitat Universal i Salut P\u00fablica, Ana Barcel\u00f3, ha comparegut aquest diumenge per actualitzar la informaci\u00f3 sobre la incid\u00e8ncia de l&#8217;coronavirus a la Comunitat Valenciana. Barcel\u00f3 ha confirmat 241 nous casos positius, que eleven a 1.604 el total de casos positius, dels quals 590 es troben ingressats a l&#8217;hospital i 113 d&#8217;ells a l&#8217;UCI.<\/p>\n\n\n\n<p class=\"wp-block-paragraph\">Dels 241 nous casos positius, 30 es troben a la prov\u00edncia de Castell\u00f3, 58 a la prov\u00edncia d&#8217;Alacant i 152 a la de Val\u00e8ncia, a m\u00e9s d&#8217;un sense assignar encara.<\/p>\n\n\n\n<p class=\"wp-block-paragraph\">Per prov\u00edncies, el nombre total de casos positius \u00e9s de 154 a la prov\u00edncia de Castell\u00f3 (63 hospitalitzats, 10 d&#8217;ells a l&#8217;UCI), 537 a la prov\u00edncia d&#8217;Alacant (209 hospitalitzats i 33 d&#8217;ells a l&#8217;UCI), i 910 en la prov\u00edncia de Val\u00e8ncia (318 hospitalitzats i 70 d&#8217;ells a l&#8217;UCI). A m\u00e9s, hi ha 3 casos no assignats encara perqu\u00e8 s&#8217;estan comprovant les seves dades. El nombre de professionals sanitaris que han donat positiu \u00e9s de 335.<\/p>\n\n\n\n<p class=\"wp-block-paragraph\">D&#8217;altra banda, la consellera ha lamentat el fet que s&#8217;hagin produ\u00eft fins al moment un total de 69 morts a la Comunitat Valenciana (19 des de l&#8217;actualitzaci\u00f3 d&#8217;aquest dissabte): 4 a la prov\u00edncia de Castell\u00f3, 25 a la de Val\u00e8ncia i 40 a la d&#8217;Alacant. A el mateix temps, ha anunciat que, fins a les 20 hores d&#8217;ahir, s&#8217;han donat un total de 30 altes, \u00e9s a dir, 30 persones s&#8217;han recuperat: 1 a la prov\u00edncia de Castell\u00f3, 10 a la d&#8217;Alacant i 19 a la prov\u00edncia de Val\u00e8ncia.<\/p>\n\n\n\n<p class=\"wp-block-paragraph\">Les proves que han donat un resultat negatiu fins al moment s\u00f3n 6.633. A m\u00e9s, al n\u00famero 900 s&#8217;han at\u00e8s m\u00e9s de 34.355 trucades des de la posada en marxa. A m\u00e9s, el &#8216;autotest&#8217; habilitat a la web de la Conselleria per a persones amb dubtes ha rebut m\u00e9s de 1.900.000 visites.<\/p>\n\n\n\n<p class=\"wp-block-paragraph\">Actualitzaci\u00f3 de la situaci\u00f3 en resid\u00e8ncies de gent gran<\/p>\n\n\n\n<p class=\"wp-block-paragraph\">La consellera ha actualitzat la situaci\u00f3 de les resid\u00e8ncies de majors a la Comunitat Valenciana. S&#8217;han detectat casos positius en 24 resid\u00e8ncies:<\/p>\n\n\n\n<ul class=\"wp-block-list\"><li>Residents que han donat positiu: 93<\/li><li>Personal treballador que ha donat positiu: 51<\/li><li>Personal treballador en quarantena: 143<\/li><li>Residents que han mort: 23<\/li><\/ul>\n\n\n\n<p class=\"wp-block-paragraph\">Control a resid\u00e8ncies i unitats de cures intensives<\/p>\n\n\n\n<p class=\"wp-block-paragraph\">La consellera ha anunciat la constituci\u00f3 dels comit\u00e8s de control que s&#8217;han establert en cada departament de salut per a coordinar la gesti\u00f3 de les resid\u00e8ncies de gent gran en tota la Comunitat Valenciana, tinguin o no casos positius de coronavirus.<\/p>\n\n\n\n<p class=\"wp-block-paragraph\">Aquests comit\u00e8s estan compostos pel director o directora d&#8217;Atenci\u00f3 Prim\u00e0ria o la ger\u00e8ncia, Salut P\u00fablica, Medicina Preventiva, riscos laborals, la Unitat d&#8217;Hospitalitzaci\u00f3 a Domicili i altres serveis.<\/p>\n\n\n\n<p class=\"wp-block-paragraph\">A m\u00e9s, es duran a terme diferents inspeccions &#8220;per assegurar-nos que es compleixen les normes de riscos laborals que s&#8217;han recomanat des salut p\u00fablica&#8221;, ha apuntat Barcel\u00f3.<\/p>\n\n\n\n<p class=\"wp-block-paragraph\">D&#8217;altra banda, aquest dissabte es va constituir el comit\u00e8 de coordinaci\u00f3 de les unitats de cures intensives, que compta amb la participaci\u00f3 de la Societat Valenciana de Cures Intensives. Aquest comit\u00e8 s&#8217;encarregar\u00e0 de gestionar i coordinar tots els recursos que es destinen a aquest servei en tot l&#8217;\u00e0mbit de la Comunitat Valenciana, incloent hospitals privats i p\u00fablics.<\/p>\n\n\n\n<p class=\"wp-block-paragraph\">Tota la informaci\u00f3 actualitzada:\u00a0<a rel=\"noreferrer noopener\" href=\"http:\/\/www.san.gva.es\/coronavirus\" target=\"_blank\">consultar aqu\u00ed<\/a><\/p>\n","protected":false},"excerpt":{"rendered":"<div class=\"mh-excerpt\">La consellera de Sanitat Universal i Salut P\u00fablica, Ana Barcel\u00f3, ha comparegut aquest diumenge per actualitzar la informaci\u00f3 sobre la incid\u00e8ncia de l&#8217;coronavirus a la Comunitat Valenciana. Barcel\u00f3 ha confirmat 241 nous casos positius, que <a class=\"mh-excerpt-more\" href=\"https:\/\/tucomarca.whitekongsoftware.com\/ca\/la-comunitat-valenciana-suma-241-nous-casos-de-coronavirus-el-que-eleva-la-xifra-total-a-1-604\/\" title=\"La Comunitat Valenciana suma 241 nous casos de coronavirus, el que eleva la xifra total a 1.604\">[+] <\/a><\/div>\n","protected":false},"author":1,"featured_media":101336,"comment_status":"open","ping_status":"open","sticky":false,"template":"","format":"standard","meta":{"footnotes":""},"categories":[11010,10898,10948,10894,10904,10903,10947,10896,10897],"tags":[11939,11937,11940,11938,11952,11951],"class_list":["post-101573","post","type-post","status-publish","format-standard","has-post-thumbnail","category-canal-salud","category-ventana-ca","category-infraestructuras-ca","category-la-comarca-ca","category-sin-categorizar-ca","category-medio-ambiente-la-comarca-ca","category-politica","category-seccion-ca","category-sucesos-la-comarca-ca","tag-coronavirus-ca","tag-coronavirus","tag-covid-19-ca","tag-covid-19","tag-covid2019-ca","tag-covid2019"],"_links":{"self":[{"href":"https:\/\/tucomarca.whitekongsoftware.com\/ca\/wp-json\/wp\/v2\/posts\/101573","targetHints":{"allow":["GET"]}}],"collection":[{"href":"https:\/\/tucomarca.whitekongsoftware.com\/ca\/wp-json\/wp\/v2\/posts"}],"about":[{"href":"https:\/\/tucomarca.whitekongsoftware.com\/ca\/wp-json\/wp\/v2\/types\/post"}],"author":[{"embeddable":true,"href":"https:\/\/tucomarca.whitekongsoftware.com\/ca\/wp-json\/wp\/v2\/users\/1"}],"replies":[{"embeddable":true,"href":"https:\/\/tucomarca.whitekongsoftware.com\/ca\/wp-json\/wp\/v2\/comments?post=101573"}],"version-history":[{"count":0,"href":"https:\/\/tucomarca.whitekongsoftware.com\/ca\/wp-json\/wp\/v2\/posts\/101573\/revisions"}],"wp:featuredmedia":[{"embeddable":true,"href":"https:\/\/tucomarca.whitekongsoftware.com\/ca\/wp-json\/wp\/v2\/media\/101336"}],"wp:attachment":[{"href":"https:\/\/tucomarca.whitekongsoftware.com\/ca\/wp-json\/wp\/v2\/media?parent=101573"}],"wp:term":[{"taxonomy":"category","embeddable":true,"href":"https:\/\/tucomarca.whitekongsoftware.com\/ca\/wp-json\/wp\/v2\/categories?post=101573"},{"taxonomy":"post_tag","embeddable":true,"href":"https:\/\/tucomarca.whitekongsoftware.com\/ca\/wp-json\/wp\/v2\/tags?post=101573"}],"curies":[{"name":"wp","href":"https:\/\/api.w.org\/{rel}","templated":true}]}}