{"id":101281,"date":"2020-03-17T21:18:36","date_gmt":"2020-03-17T19:18:36","guid":{"rendered":"http:\/\/www.tucomarca.com\/wordpress\/segunda\/?p=101281"},"modified":"2020-03-17T21:24:53","modified_gmt":"2020-03-17T19:24:53","slug":"chiva-confirma-dos-casos-de-coronavirus-en-la-localidad","status":"publish","type":"post","link":"https:\/\/tucomarca.whitekongsoftware.com\/ca\/chiva-confirma-dos-casos-de-coronavirus-en-la-localidad\/","title":{"rendered":"Xiva confirma dos casos d&#8217;coronavirus a la localitat"},"content":{"rendered":"\n<p class=\"wp-block-paragraph\">Tal com ha fet constar a la seua p\u00e0gina web el Ayuntamientoede Xiva, s\u00f3n dos els casos que s&#8217;han confirmat aquest dimarts a la localitat. &#8220;No s&#8217;ha proporcionat m\u00e9s informaci\u00f3 a l&#8217;respecte sobre l&#8217;estat de tots dos pacients&#8221;, han afegit des del consistori al seu web.<\/p>\n\n\n\n<p class=\"wp-block-paragraph\">&#8220;Seguint amb la tasca de transpar\u00e8ncia mantinguda pel consistori, s&#8217;informa d&#8217;aquesta situaci\u00f3 per acabar amb rumors, per\u00f2 es recorda que despr\u00e9s de l&#8217;entrada en vigor de l&#8217;estat d&#8217;alarma, totes les dades en relaci\u00f3 a el nombre d&#8217;afectats pel coronavirus passen a ser atribuci\u00f3 exclusiva de el Ministeri de Sanitat, Consum i Benestar Social &#8220;.<\/p>\n\n\n\n<p class=\"wp-block-paragraph\">Des de l&#8217;Ajuntament de Chiva han recordat que les mesures adoptades &#8220;responen a una necessitat de prevenir i reduir la velocitat i els n\u00fameros de contagis. Evitant aix\u00ed col\u00b7lapsar el sistema sanitari&#8221;.<\/p>\n\n\n\n<p class=\"wp-block-paragraph\">Per a tots aquells que pensin que presenten s\u00edmptomes, han de trucar a 900 300 555 o a l&#8217;112 i s&#8217;activar\u00e0 el protocol sanitaris.<\/p>\n","protected":false},"excerpt":{"rendered":"<div class=\"mh-excerpt\">Tal com ha fet constar a la seua p\u00e0gina web el Ayuntamientoede Xiva, s\u00f3n dos els casos que s&#8217;han confirmat aquest dimarts a la localitat. &#8220;No s&#8217;ha proporcionat m\u00e9s informaci\u00f3 a l&#8217;respecte sobre l&#8217;estat de <a class=\"mh-excerpt-more\" href=\"https:\/\/tucomarca.whitekongsoftware.com\/ca\/chiva-confirma-dos-casos-de-coronavirus-en-la-localidad\/\" title=\"Xiva confirma dos casos d&#8217;coronavirus a la localitat\">[+] <\/a><\/div>\n","protected":false},"author":1,"featured_media":86725,"comment_status":"open","ping_status":"open","sticky":false,"template":"","format":"standard","meta":{"footnotes":""},"categories":[11010,10898,10948,10894,10912,10903,10947,10896,10897,10975],"tags":[11937,11938],"class_list":["post-101281","post","type-post","status-publish","format-standard","has-post-thumbnail","category-canal-salud","category-ventana-ca","category-infraestructuras-ca","category-la-comarca-ca","category-la-hoya-ca","category-medio-ambiente-la-comarca-ca","category-politica","category-seccion-ca","category-sucesos-la-comarca-ca","category-chiva-ca","tag-coronavirus","tag-covid-19"],"_links":{"self":[{"href":"https:\/\/tucomarca.whitekongsoftware.com\/ca\/wp-json\/wp\/v2\/posts\/101281","targetHints":{"allow":["GET"]}}],"collection":[{"href":"https:\/\/tucomarca.whitekongsoftware.com\/ca\/wp-json\/wp\/v2\/posts"}],"about":[{"href":"https:\/\/tucomarca.whitekongsoftware.com\/ca\/wp-json\/wp\/v2\/types\/post"}],"author":[{"embeddable":true,"href":"https:\/\/tucomarca.whitekongsoftware.com\/ca\/wp-json\/wp\/v2\/users\/1"}],"replies":[{"embeddable":true,"href":"https:\/\/tucomarca.whitekongsoftware.com\/ca\/wp-json\/wp\/v2\/comments?post=101281"}],"version-history":[{"count":0,"href":"https:\/\/tucomarca.whitekongsoftware.com\/ca\/wp-json\/wp\/v2\/posts\/101281\/revisions"}],"wp:featuredmedia":[{"embeddable":true,"href":"https:\/\/tucomarca.whitekongsoftware.com\/ca\/wp-json\/wp\/v2\/media\/86725"}],"wp:attachment":[{"href":"https:\/\/tucomarca.whitekongsoftware.com\/ca\/wp-json\/wp\/v2\/media?parent=101281"}],"wp:term":[{"taxonomy":"category","embeddable":true,"href":"https:\/\/tucomarca.whitekongsoftware.com\/ca\/wp-json\/wp\/v2\/categories?post=101281"},{"taxonomy":"post_tag","embeddable":true,"href":"https:\/\/tucomarca.whitekongsoftware.com\/ca\/wp-json\/wp\/v2\/tags?post=101281"}],"curies":[{"name":"wp","href":"https:\/\/api.w.org\/{rel}","templated":true}]}}