{"id":101267,"date":"2020-03-17T14:32:59","date_gmt":"2020-03-17T12:32:59","guid":{"rendered":"http:\/\/www.tucomarca.com\/wordpress\/segunda\/?p=101267"},"modified":"2020-03-17T14:33:02","modified_gmt":"2020-03-17T12:33:02","slug":"alboraig-bunyol-xest-godelleta-turis-i-iatova-no-compten-fins-al-moment-amb-casos-de-coronavirus","status":"publish","type":"post","link":"https:\/\/tucomarca.whitekongsoftware.com\/ca\/alboraig-bunyol-xest-godelleta-turis-i-iatova-no-compten-fins-al-moment-amb-casos-de-coronavirus\/","title":{"rendered":"Alboraig, Bunyol, Xest, Godelleta, Tur\u00eds i I\u00e0tova no compten, fins al moment, amb casos de coronavirus"},"content":{"rendered":"\n<p class=\"wp-block-paragraph\">Tal com han confirmat les primeres autoritats d&#8217;Alborache, Bunyol, Xest, Godelleta i Tor\u00eds a tucomarca.com, de moment no es compta amb cap cas declarat d&#8217;coronavirus en cap d&#8217;aquests municipis. Les alcaldesses d&#8217;Alborache i Bunyol, Paqui Collado i Jonquera Carrascosa, respectivament, han recalcat que els centres de salut no han comunicat cap cas, &#8220;una altra cosa \u00e9s que alguna persona hagi pogut trucar per tel\u00e8fon, per\u00f2 el que s\u00f3n casos en els centres no s&#8217;ha regristrado cap fins al moment &#8220;. En similars termes s&#8217;ha pronunciat l&#8217;alcaldessa de Godelleta i l&#8217;alcalde de Tur\u00eds, Silvia L\u00f3pez i Eugenio Forta\u00f1a, els qui comparteixen el Centre de Salut de Tur\u00eds-Godelleta i des del qual no els han notificat, de moment, cap cas. Tamb\u00e9 l&#8217;Ajuntament de Xest, des del seu Comissi\u00f3 d&#8217;Emerg\u00e8ncia i el mateix alcalde, Jos\u00e9 Morell, han assegurat que, de moment, tampoc es compta amb cap cas confirmat de la malaltia; a l&#8217;igual que ha manifestat l&#8217;alcalde de Y\u00e1tova, Miguel T\u00f3rtola, qui tamb\u00e9 ha assegurat la no exist\u00e8ncia de cap cas al municipi.<\/p>\n\n\n\n<p class=\"wp-block-paragraph\">Des de tots els ajuntaments consultats han insistit a recalcar que qualsevol possible afectat valori la urg\u00e8ncia, evitant tr\u00e0mits innecessaris., Encara que tots els ajuntaments estan atenent telef\u00f2nica i telem\u00e0ticament als ve\u00efns i ve\u00efnes.<\/p>\n\n\n\n<p class=\"wp-block-paragraph\">Respecte a la possibilitat de tenir algun dels s\u00edmptomes, en qualsevol cas, abans d&#8217;acudir a l&#8217;hospital truquin als tel\u00e8fon 900 300 555. Es demana encaridament a la poblaci\u00f3 que sigui responsable i seguiu les instruccions dels organismes sanitaris, relatives a la higiene personal, familiar i dom\u00e8stica, aix\u00ed com als comportaments socials i el confinament, per evitar la propagaci\u00f3 de virus, han afegit des dels consistoris, que tamb\u00e9 aconsellen a la poblaci\u00f3 que per buscar informaci\u00f3 vera\u00e7 s&#8217;adrecin sempre a organismes oficials o als mitjans de comunicaci\u00f3. Ja que l&#8217;efic\u00e0cia d&#8217;aquestes mesures necessita la responsabilitat de tots els ciutadans. Es reiteren les recomanacions higi\u00e8niques realitzades fins ara.<\/p>\n\n\n\n<p class=\"wp-block-paragraph\">Tots els Ajuntaments demanes la col\u00b7laboraci\u00f3 i conscienciaci\u00f3 ciutadana per mantenir la contenci\u00f3 i no circular per les vies p\u00fabliques, excepte en els sup\u00f2sits que estableix el Reial decret llei, per evitar la propagaci\u00f3 de virus. Les multes per incomplir les restriccions de l&#8217;estat d&#8217;alarma oscil\u00b7len de 100 a 600.000 euros i fins i tot poden derivar en infraccions penals.<\/p>\n\n\n\n<p class=\"wp-block-paragraph\"><strong>tucomarca.com, informaci\u00f3 cont\u00ednua<\/strong><\/p>\n\n\n\n<p class=\"wp-block-paragraph\">A m\u00e9s de l&#8217;monogr\u00e0fic que aquesta setmana es pot trobar a l&#8217;edici\u00f3 en paper de  <strong>tucomarca.com<\/strong>  (disponible a partir d&#8217;aquest dimecres a causa de l&#8217;avan\u00e7ament en el seu dia habitual per la festivitat de Sant Josep d&#8217;aquest dijous), tamb\u00e9 poden estar informats amb les not\u00edcies d&#8217;\u00faltima hora a trav\u00e9s de la nostra edici\u00f3 digital i les xarxes socials en qu\u00e8  tucomarca.com  es troba present, i des d&#8217;on tot l&#8217;equip de professionals intentarem portar- tota la informaci\u00f3 sobre aquesta crisi. <\/p>\n","protected":false},"excerpt":{"rendered":"<div class=\"mh-excerpt\">Tal com han confirmat les primeres autoritats d&#8217;Alborache, Bunyol, Xest, Godelleta i Tor\u00eds a tucomarca.com, de moment no es compta amb cap cas declarat d&#8217;coronavirus en cap d&#8217;aquests municipis. Les alcaldesses d&#8217;Alborache i Bunyol, Paqui <a class=\"mh-excerpt-more\" href=\"https:\/\/tucomarca.whitekongsoftware.com\/ca\/alboraig-bunyol-xest-godelleta-turis-i-iatova-no-compten-fins-al-moment-amb-casos-de-coronavirus\/\" title=\"Alboraig, Bunyol, Xest, Godelleta, Tur\u00eds i I\u00e0tova no compten, fins al moment, amb casos de coronavirus\">[+] <\/a><\/div>\n","protected":false},"author":1,"featured_media":101271,"comment_status":"open","ping_status":"open","sticky":false,"template":"","format":"standard","meta":{"footnotes":""},"categories":[10973,10911,11010,10898,10977,10980,10948,10894,10912,10903,10947,10897,10974],"tags":[11937,11939,11940,11938,11952,11951],"class_list":["post-101267","post","type-post","status-publish","format-standard","has-post-thumbnail","category-alborache-ca","category-bunol-ca","category-canal-salud","category-ventana-ca","category-godelleta-ca","category-yatova-ca","category-infraestructuras-ca","category-la-comarca-ca","category-la-hoya-ca","category-medio-ambiente-la-comarca-ca","category-politica","category-sucesos-la-comarca-ca","category-cheste-ca","tag-coronavirus","tag-coronavirus-ca","tag-covid-19-ca","tag-covid-19","tag-covid2019-ca","tag-covid2019"],"_links":{"self":[{"href":"https:\/\/tucomarca.whitekongsoftware.com\/ca\/wp-json\/wp\/v2\/posts\/101267","targetHints":{"allow":["GET"]}}],"collection":[{"href":"https:\/\/tucomarca.whitekongsoftware.com\/ca\/wp-json\/wp\/v2\/posts"}],"about":[{"href":"https:\/\/tucomarca.whitekongsoftware.com\/ca\/wp-json\/wp\/v2\/types\/post"}],"author":[{"embeddable":true,"href":"https:\/\/tucomarca.whitekongsoftware.com\/ca\/wp-json\/wp\/v2\/users\/1"}],"replies":[{"embeddable":true,"href":"https:\/\/tucomarca.whitekongsoftware.com\/ca\/wp-json\/wp\/v2\/comments?post=101267"}],"version-history":[{"count":0,"href":"https:\/\/tucomarca.whitekongsoftware.com\/ca\/wp-json\/wp\/v2\/posts\/101267\/revisions"}],"wp:featuredmedia":[{"embeddable":true,"href":"https:\/\/tucomarca.whitekongsoftware.com\/ca\/wp-json\/wp\/v2\/media\/101271"}],"wp:attachment":[{"href":"https:\/\/tucomarca.whitekongsoftware.com\/ca\/wp-json\/wp\/v2\/media?parent=101267"}],"wp:term":[{"taxonomy":"category","embeddable":true,"href":"https:\/\/tucomarca.whitekongsoftware.com\/ca\/wp-json\/wp\/v2\/categories?post=101267"},{"taxonomy":"post_tag","embeddable":true,"href":"https:\/\/tucomarca.whitekongsoftware.com\/ca\/wp-json\/wp\/v2\/tags?post=101267"}],"curies":[{"name":"wp","href":"https:\/\/api.w.org\/{rel}","templated":true}]}}