{"id":101173,"date":"2020-03-16T16:45:42","date_gmt":"2020-03-16T14:45:42","guid":{"rendered":"http:\/\/www.tucomarca.com\/wordpress\/segunda\/sanitat-confirma-12-altes-9-defuncions-i-107-nous-positius-de-coronavirus-a-la-comunitat-valenciana-que-eleven-a-490-els-casos-actius\/"},"modified":"2020-03-16T17:52:53","modified_gmt":"2020-03-16T15:52:53","slug":"sanitat-confirma-12-altes-9-defuncions-i-107-nous-positius-de-coronavirus-a-la-comunitat-valenciana-que-eleven-a-490-els-casos-actius","status":"publish","type":"post","link":"https:\/\/tucomarca.whitekongsoftware.com\/ca\/sanitat-confirma-12-altes-9-defuncions-i-107-nous-positius-de-coronavirus-a-la-comunitat-valenciana-que-eleven-a-490-els-casos-actius\/","title":{"rendered":"Sanitat confirma 12 altes, 9 defuncions i 107 nous positius de coronavirus a la Comunitat Valenciana que eleven a 490 els casos actius"},"content":{"rendered":"\n<p class=\"wp-block-paragraph\">La consellera de Sanitat Universal i Salut P\u00fablica, Ana Barcel\u00f3, ha comparegut aquest dilluns de nou en roda de premsa per informar la ciutadania de les \u00faltimes novetats que s&#8217;han produ\u00eft a la Comunitat Valenciana en relaci\u00f3 amb la incid\u00e8ncia de l&#8217;coronavirus.<\/p>\n\n\n\n<p class=\"wp-block-paragraph\">La consellera ha iniciat la seva intervenci\u00f3 lamentant la mort de 9 persones, el que eleva a 13 el nombre total de morts fins a la data a la nostra comunitat. Barcel\u00f3 ha traslladat en primer lloc el seu condol a tots els familiars i amics de les persones mortes, i ha mostrat de nou el seu gratitud i la de tot l&#8217;equip de la Conselleria als professionals de la sanitat que en aquests dies s&#8217;enfronten a situacions molt dif\u00edcils.<\/p>\n\n\n\n<p class=\"wp-block-paragraph\">La consellera ha confirmat, a m\u00e9s, que les an\u00e0lisis realitzades entre aquest diumenge i aquest dilluns han detectat 107 nous casos positius: 13 d&#8217;ells a la prov\u00edncia de Castell\u00f3, 42 a la prov\u00edncia d&#8217;Alacant i 52 a la de Val\u00e8ncia.<\/p>\n\n\n\n<p class=\"wp-block-paragraph\">A m\u00e9s, ha destacat la que sens dubte \u00e9s una bona not\u00edcia i \u00e9s que 12 persones han rebut ja l&#8217;alta, &#8220;el que significa que estan curades&#8221;. D&#8217;aquesta manera, el nombre de casos actius s&#8217;eleva a 490 a la Comunitat Valenciana.<\/p>\n\n\n\n<p class=\"wp-block-paragraph\">D&#8217;altra banda, Barcel\u00f3 ha comunicat que les proves que han donat un resultat negatiu per coronavirus fins al moment s\u00f3n 3.696. &#8220;Al n\u00famero 900 hem at\u00e8s des que es va posar en marxa gaireb\u00e9 16.500 trucades. I l&#8217;autotest que hem incl\u00f2s a la p\u00e0gina web de la Conselleria de Sanitat ha rebut ja un mili\u00f3 i mig de visites&#8221;, ha afegit la titular de Sanitat.<\/p>\n\n\n\n<p class=\"wp-block-paragraph\">Reuni\u00f3 amb els col\u00b7legis oficials de Metges<\/p>\n\n\n\n<p class=\"wp-block-paragraph\">La consellera s&#8217;ha reunit aquest mat\u00ed amb els col\u00b7legis de metges de Val\u00e8ncia, Castell\u00f3 i Alacant per coordinar els esfor\u00e7os a nivell institucional.<\/p>\n\n\n\n<p class=\"wp-block-paragraph\">&#8220;Els col\u00b7legis, als quals estem molt agra\u00efts, s&#8217;han ofert perqu\u00e8, conforme anem incorporant als professionals que anem a mobilitzar dins el sistema sanitari -persones que s&#8217;hagin jubilat, metges amb menys de 70 anys i aquelles infermeres amb menys de 68 anys-, puguin donar-se d&#8217;alta en els col\u00b7legis, i aquests tinguin tota la informaci\u00f3 i puguin procedir a aquesta col\u00b7legiaci\u00f3 &#8220;, ha afirmat.<\/p>\n\n\n\n<p class=\"wp-block-paragraph\">&#8220;Vull agrair per tant aquest suport, aquesta mesura, com la seva contribuci\u00f3 a ser llera tamb\u00e9 de comunicaci\u00f3 amb tots els professionals&#8221;, ha afegit Barcel\u00f3.<\/p>\n\n\n\n<p class=\"wp-block-paragraph\">mesures extraordin\u00e0ries<\/p>\n\n\n\n<p class=\"wp-block-paragraph\">La Conselleria de Sanitat, a trav\u00e9s de la Direcci\u00f3 General de Farm\u00e0cia, ha donat una instrucci\u00f3 a les ger\u00e8ncies dels departaments per facilitar l&#8217;adquisici\u00f3 de medicaments per a aquelles persones que pateixen una malaltia cr\u00f2nica, o una malaltia sostinguda en el temps o greu.<\/p>\n\n\n\n<p class=\"wp-block-paragraph\">D&#8217;aquesta manera, a partir d&#8217;avui es prorroguen autom\u00e0ticament durant dos mesos aquells tractaments que caducaven aquesta mateixa setmana i que necessiten ser renovats i es podran renovar els tractaments per a pacients cr\u00f2nics mitjan\u00e7ant una trucada telef\u00f2nica a centre de salut, sense necessitat que vagin f\u00edsicament al seu facultatiu de refer\u00e8ncia.<\/p>\n\n\n\n<p class=\"wp-block-paragraph\">A m\u00e9s, es dispensaran, en la mesura del possible, els tractaments complets d&#8217;\u00fas hospitalari, o tractaments per a una periodicitat major que els tres mesos establerts i, per a aquells pacients que requereixen un f\u00e0rmac hospitalari, es va a oferir la possibilitat d&#8217;acostar el f\u00e0rmac b\u00e9 al seu centre de salut, b\u00e9 al seu domicili o que sigui dispensat en qualsevol de les consultes peri\u00f2diques que t\u00e9 programades.<\/p>\n\n\n\n<p class=\"wp-block-paragraph\">Canvis en la definici\u00f3 de cas<\/p>\n\n\n\n<p class=\"wp-block-paragraph\">La consellera ha explicat el nou criteri per a la definici\u00f3 de cas que ha articulat el Ministeri de Sanitat i que incideix tamb\u00e9 en l&#8217;atenci\u00f3 assistencial que es presta a la ciutadania.<\/p>\n\n\n\n<p class=\"wp-block-paragraph\">El Govern d&#8217;Espanya ha activat a tot el pa\u00eds la fase de contenci\u00f3 refor\u00e7ada, el que implica que les sospites de coronavirus i els possibles casos es tractaran de la mateixa manera en totes les comunitats aut\u00f2nomes.<\/p>\n\n\n\n<p class=\"wp-block-paragraph\">Seguint aquest criteri, a partir d&#8217;aquest moment, les persones que truquin a 900 300 555, i que refereixin s\u00edmptomes compatibles amb coronavirus, seran atesos com a casos positius sense la necessitat de realitzar el test de verificaci\u00f3.<\/p>\n\n\n\n<p class=\"wp-block-paragraph\">Totes aquestes persones seran ateses com a casos possibles i han d&#8217;actuar com a tal, seguint les mesures d&#8217;a\u00efllament que tenen a la seva disposici\u00f3, i seguint les pautes que puntualment els donaran des del seu departament de salut. En tot moment, els departaments de salut realitzaran un seguiment estricte de l&#8217;estat i evoluci\u00f3 de cada un d&#8217;ells, i es donar\u00e0 resposta assistencial concreta a qualsevol tipus d&#8217;agreujament que puguin presentar.<\/p>\n\n\n\n<p class=\"wp-block-paragraph\">Els test de detecci\u00f3 de coronavirus si es van a realitzar a tots els i les pacients ingressats amb una major gravetat, i als i les professionals sanitaris, sociosanitaris i d&#8217;altres serveis essencials que presentin s\u00edmptomes.<\/p>\n\n\n\n<p class=\"wp-block-paragraph\">&#8220;Aquesta mesura va encaminada a reorganitzar els esfor\u00e7os de sistema sanitari, ja que els esfor\u00e7os han de concentrar-se en el maneig cl\u00ednic dels casos i el seu seguiment, i no tant en la seua Diagn\u00f2stic&#8221;, senos la conselheira.<\/p>\n\n\n\n<p class=\"wp-block-paragraph\">Tota l&#8217; informaci\u00f3n actualitzada:&nbsp;<a rel=\"noreferrer noopener\" href=\"http:\/\/www.san.gva.es\/coronavirus\" target=\"_blank\">consultar aqu\u00ed<\/a><\/p>\n","protected":false},"excerpt":{"rendered":"<div class=\"mh-excerpt\">La consellera de Sanitat Universal i Salut P\u00fablica, Ana Barcel\u00f3, ha comparegut aquest dilluns de nou en roda de premsa per informar la ciutadania de les \u00faltimes novetats que s&#8217;han produ\u00eft a la Comunitat Valenciana <a class=\"mh-excerpt-more\" href=\"https:\/\/tucomarca.whitekongsoftware.com\/ca\/sanitat-confirma-12-altes-9-defuncions-i-107-nous-positius-de-coronavirus-a-la-comunitat-valenciana-que-eleven-a-490-els-casos-actius\/\" title=\"Sanitat confirma 12 altes, 9 defuncions i 107 nous positius de coronavirus a la Comunitat Valenciana que eleven a 490 els casos actius\">[+] <\/a><\/div>\n","protected":false},"author":1,"featured_media":101170,"comment_status":"open","ping_status":"open","sticky":false,"template":"","format":"standard","meta":{"footnotes":""},"categories":[11010,10898,10948,10894,10904,10903,10947,10896,10897],"tags":[11937,11938],"class_list":["post-101173","post","type-post","status-publish","format-standard","has-post-thumbnail","category-canal-salud","category-ventana-ca","category-infraestructuras-ca","category-la-comarca-ca","category-sin-categorizar-ca","category-medio-ambiente-la-comarca-ca","category-politica","category-seccion-ca","category-sucesos-la-comarca-ca","tag-coronavirus","tag-covid-19"],"_links":{"self":[{"href":"https:\/\/tucomarca.whitekongsoftware.com\/ca\/wp-json\/wp\/v2\/posts\/101173","targetHints":{"allow":["GET"]}}],"collection":[{"href":"https:\/\/tucomarca.whitekongsoftware.com\/ca\/wp-json\/wp\/v2\/posts"}],"about":[{"href":"https:\/\/tucomarca.whitekongsoftware.com\/ca\/wp-json\/wp\/v2\/types\/post"}],"author":[{"embeddable":true,"href":"https:\/\/tucomarca.whitekongsoftware.com\/ca\/wp-json\/wp\/v2\/users\/1"}],"replies":[{"embeddable":true,"href":"https:\/\/tucomarca.whitekongsoftware.com\/ca\/wp-json\/wp\/v2\/comments?post=101173"}],"version-history":[{"count":0,"href":"https:\/\/tucomarca.whitekongsoftware.com\/ca\/wp-json\/wp\/v2\/posts\/101173\/revisions"}],"wp:featuredmedia":[{"embeddable":true,"href":"https:\/\/tucomarca.whitekongsoftware.com\/ca\/wp-json\/wp\/v2\/media\/101170"}],"wp:attachment":[{"href":"https:\/\/tucomarca.whitekongsoftware.com\/ca\/wp-json\/wp\/v2\/media?parent=101173"}],"wp:term":[{"taxonomy":"category","embeddable":true,"href":"https:\/\/tucomarca.whitekongsoftware.com\/ca\/wp-json\/wp\/v2\/categories?post=101173"},{"taxonomy":"post_tag","embeddable":true,"href":"https:\/\/tucomarca.whitekongsoftware.com\/ca\/wp-json\/wp\/v2\/tags?post=101173"}],"curies":[{"name":"wp","href":"https:\/\/api.w.org\/{rel}","templated":true}]}}