{"id":101158,"date":"2020-03-16T15:22:26","date_gmt":"2020-03-16T13:22:26","guid":{"rendered":"http:\/\/www.tucomarca.com\/wordpress\/segunda\/?p=101158"},"modified":"2020-03-16T15:22:28","modified_gmt":"2020-03-16T13:22:28","slug":"ava-asaja-els-agricultors-i-ramaders-garanteixen-el-seu-compromis-de-produir-aliments-en-quantitat-i-qualitat","status":"publish","type":"post","link":"https:\/\/tucomarca.whitekongsoftware.com\/ca\/ava-asaja-els-agricultors-i-ramaders-garanteixen-el-seu-compromis-de-produir-aliments-en-quantitat-i-qualitat\/","title":{"rendered":"AVA-ASAJA: &#8220;Els agricultors i ramaders garanteixen el seu comprom\u00eds de produir aliments en quantitat i qualitat&#8221;"},"content":{"rendered":"\n<p class=\"wp-block-paragraph\">L&#8217;Associaci\u00f3 Valenciana d&#8217;Agricultors (AVA-ASAJA) subratlla el treball que realitzen els agricultors i ramaders per garantir que, en uns moments tan transcendentals com el provocat per l&#8217;alarma de l&#8217;COVID-19, tota la poblaci\u00f3 seguir\u00e0 disposant d&#8217;aliments sans, segurs, de proximitat i en suficient quantitat.<\/p>\n\n\n\n<p class=\"wp-block-paragraph\">El president d&#8217;AVA-ASAJA, Crist\u00f3bal Aguado, trasllada el missatge que &#8220;el sector productor europeu garanteix el seu comprom\u00eds i la seva responsabilitat a l&#8217;hora de seguir subministrant aliments amb les m\u00e0ximes garanties en mat\u00e8ria de seguretat, qualitat i respecte a l&#8217;entorn. A difer\u00e8ncia d&#8217;altres sectors econ\u00f2mics, els agricultors i ramaders continuaran treballant en els camps en estricte compliment de les normes aprovades de forma excepcional. El menjar \u00e9s un b\u00e9 essencial que els ciutadans necessiten, al menys, tres vegades a el dia, i els productors seguirem a peu de l&#8217;can\u00f3 per satisfer l&#8217;abastament de la manera m\u00e9s professional i sostenible &#8220;.<\/p>\n\n\n\n<p class=\"wp-block-paragraph\">El dirigent agrari afegeix que &#8220;ara \u00e9s quan es veu clarament l&#8217;important que \u00e9s comptar amb una autosufici\u00e8ncia aliment\u00e0ria per afrontar crisi impredictibles com l&#8217;actual en la qual es poden tancar fronteres i tallar subministraments de tot tipus des de l&#8217;exterior&#8221;.<\/p>\n\n\n\n<p class=\"wp-block-paragraph\">En aquest sentit, Aguado vol conscienciar tant als ciutadans com a les administracions que &#8220;defensar un preu just al camp constitueix una mesura priorit\u00e0ria, perqu\u00e8 tenir assegurada l&#8217;alimentaci\u00f3 \u00e9s la millor garantia de la superviv\u00e8ncia com a societat. Ja ho est\u00e0vem advertint durant l&#8217;onada de mobilitzacions convocades per tot Espanya i aquesta crisi ens d\u00f3na la ra\u00f3: els productors han de rebre uns preus dignes i un reconeixement social de primera si aspirem a comptar amb una cadena aliment\u00e0ria s\u00f2lida i equilibrada &#8220;.<\/p>\n","protected":false},"excerpt":{"rendered":"<div class=\"mh-excerpt\">L&#8217;Associaci\u00f3 Valenciana d&#8217;Agricultors (AVA-ASAJA) subratlla el treball que realitzen els agricultors i ramaders per garantir que, en uns moments tan transcendentals com el provocat per l&#8217;alarma de l&#8217;COVID-19, tota la poblaci\u00f3 seguir\u00e0 disposant d&#8217;aliments sans, <a class=\"mh-excerpt-more\" href=\"https:\/\/tucomarca.whitekongsoftware.com\/ca\/ava-asaja-els-agricultors-i-ramaders-garanteixen-el-seu-compromis-de-produir-aliments-en-quantitat-i-qualitat\/\" title=\"AVA-ASAJA: &#8220;Els agricultors i ramaders garanteixen el seu comprom\u00eds de produir aliments en quantitat i qualitat&#8221;\">[+] <\/a><\/div>\n","protected":false},"author":1,"featured_media":101159,"comment_status":"open","ping_status":"open","sticky":false,"template":"","format":"standard","meta":{"footnotes":""},"categories":[10905,11010,10898,10948,10894,10904,10903,10896],"tags":[11937,11939,11940,11938],"class_list":["post-101158","post","type-post","status-publish","format-standard","has-post-thumbnail","category-agricultura-la-comarca-ca","category-canal-salud","category-ventana-ca","category-infraestructuras-ca","category-la-comarca-ca","category-sin-categorizar-ca","category-medio-ambiente-la-comarca-ca","category-seccion-ca","tag-coronavirus","tag-coronavirus-ca","tag-covid-19-ca","tag-covid-19"],"_links":{"self":[{"href":"https:\/\/tucomarca.whitekongsoftware.com\/ca\/wp-json\/wp\/v2\/posts\/101158","targetHints":{"allow":["GET"]}}],"collection":[{"href":"https:\/\/tucomarca.whitekongsoftware.com\/ca\/wp-json\/wp\/v2\/posts"}],"about":[{"href":"https:\/\/tucomarca.whitekongsoftware.com\/ca\/wp-json\/wp\/v2\/types\/post"}],"author":[{"embeddable":true,"href":"https:\/\/tucomarca.whitekongsoftware.com\/ca\/wp-json\/wp\/v2\/users\/1"}],"replies":[{"embeddable":true,"href":"https:\/\/tucomarca.whitekongsoftware.com\/ca\/wp-json\/wp\/v2\/comments?post=101158"}],"version-history":[{"count":0,"href":"https:\/\/tucomarca.whitekongsoftware.com\/ca\/wp-json\/wp\/v2\/posts\/101158\/revisions"}],"wp:featuredmedia":[{"embeddable":true,"href":"https:\/\/tucomarca.whitekongsoftware.com\/ca\/wp-json\/wp\/v2\/media\/101159"}],"wp:attachment":[{"href":"https:\/\/tucomarca.whitekongsoftware.com\/ca\/wp-json\/wp\/v2\/media?parent=101158"}],"wp:term":[{"taxonomy":"category","embeddable":true,"href":"https:\/\/tucomarca.whitekongsoftware.com\/ca\/wp-json\/wp\/v2\/categories?post=101158"},{"taxonomy":"post_tag","embeddable":true,"href":"https:\/\/tucomarca.whitekongsoftware.com\/ca\/wp-json\/wp\/v2\/tags?post=101158"}],"curies":[{"name":"wp","href":"https:\/\/api.w.org\/{rel}","templated":true}]}}