{"id":101135,"date":"2020-03-15T16:43:01","date_gmt":"2020-03-15T14:43:01","guid":{"rendered":"http:\/\/www.tucomarca.com\/wordpress\/segunda\/?p=101135"},"modified":"2020-03-15T16:43:02","modified_gmt":"2020-03-15T14:43:02","slug":"sanitat-confirma-una-mort-i-216-nous-positius-de-coronavirus-a-la-comunitat-valenciana-que-eleven-a-403-els-casos-actius","status":"publish","type":"post","link":"https:\/\/tucomarca.whitekongsoftware.com\/ca\/sanitat-confirma-una-mort-i-216-nous-positius-de-coronavirus-a-la-comunitat-valenciana-que-eleven-a-403-els-casos-actius\/","title":{"rendered":"Sanitat confirma una mort i 216 nous positius de coronavirus a la Comunitat Valenciana que eleven a 403 els casos actius"},"content":{"rendered":"\n<p class=\"wp-block-paragraph\">La consellera de Sanitat Universal i Salut P\u00fablica, Ana Barcel\u00f3, ha confirmat la mort a Val\u00e8ncia d&#8217;una dona de 75 anys que estava ingressada en un hospital i que patia una patologia pr\u00e8via. Es tractava d&#8217;un cas importat.<\/p>\n\n\n\n<p class=\"wp-block-paragraph\">D&#8217;altra banda, Barcel\u00f3 ha donat a con\u00e8ixer 216 nous casos positius a la Comunitat Valenciana: 18 casos a la prov\u00edncia de Castell\u00f3, 94 a la prov\u00edncia d&#8217;Alacant i 104 a la de Val\u00e8ncia. De tots ells, 111 s\u00f3n dones i 104 s\u00f3n homes. Tres d&#8217;ells s\u00f3n menors: 1 a la prov\u00edncia de Castell\u00f3 i 2 a la de Val\u00e8ncia.<\/p>\n\n\n\n<p class=\"wp-block-paragraph\">D&#8217;aquesta manera, el nombre de casos actius s&#8217;eleva a 403 a la Comunitat Valenciana:<\/p>\n\n\n\n<ul class=\"wp-block-list\"><li>25 a la prov\u00edncia de Castell\u00f3<\/li><li>151 a la prov\u00edncia d&#8217;Alacant<\/li><li>227 a la prov\u00edncia de Val\u00e8ncia<\/li><\/ul>\n\n\n\n<p class=\"wp-block-paragraph\">La consellera ha explicat que, fins al moment, s&#8217;han realitzat un total de 3.255 proves amb resultat negatiu. Al n\u00famero 900 s&#8217;han at\u00e8s, des que es va posar en marxa, m\u00e9s de 15.400 trucades, i l&#8217;autotest que s&#8217;ha incl\u00f2s a la p\u00e0gina web de la Conselleria de Sanitat ha rebut ja 1.400.000 visites. (Consultar aqu\u00ed).<\/p>\n\n\n\n<p class=\"wp-block-paragraph\"><strong>Ana Barcel\u00f3: &#8220;Cuiden-se i cuidem-nos&#8221;<\/strong><\/p>\n\n\n\n<p class=\"wp-block-paragraph\">La consellera ha assenyalat que &#8220;sens dubte, s\u00f3n dies dif\u00edcils i els propers dies tamb\u00e9 ho seran. El nostre pa\u00eds s&#8217;enfronta a una alarma sanit\u00e0ria global que hem d&#8217;afrontar units. Tant les mesures preses aquests darrers dies pel Consell de la Generalitat Valenciana, com a les preses ahir pel Govern d&#8217;Espanya, s\u00f3n mesures necess\u00e0ries i responsables, l&#8217;\u00fanic objectiu est\u00e0 encaminat a contenir la propagaci\u00f3 de virus, a protegir la poblaci\u00f3 m\u00e9s vulnerable ia protegir tamb\u00e9 a el sistema de salut p\u00fablic &#8220;.<\/p>\n\n\n\n<p class=\"wp-block-paragraph\">D&#8217;altra banda, Ana Barcel\u00f3 ha volgut insistir que &#8220;hem de protegir-nos i protegir el sistema sanitari. L&#8217;efic\u00e0cia d&#8217;aquestes mesures dependr\u00e0 de que tots i totes actuem amb responsabilitat&#8221;.<\/p>\n\n\n\n<p class=\"wp-block-paragraph\">&#8220;Hem demostrat en nombroses ocasions que som una terra generosa, solid\u00e0ria i compromesa. I ara \u00e9s el moment que les institucions i la ciutadania estiguem a l&#8217;al\u00e7ada. Des de les institucions no deixarem d&#8217;actuar amb rigor, amb transpar\u00e8ncia i amb una profunda vocaci\u00f3 de servei, per\u00f2 tamb\u00e9 el conjunt de la ciutadania ha de contribuir des de la responsabilitat individual a la responsabilitat col\u00b7lectiva &#8220;, ha afegit la consellera.<\/p>\n\n\n\n<p class=\"wp-block-paragraph\">Barcel\u00f3 ha volgut unir-se a l&#8217;agra\u00efment general &#8220;cap als professionals de la nostra sanitat. Els aplaudiments en tots els pobles i ciutats de la Comunitat Valenciana demostren que som una societat conscient de la valor de la nostra sanitat i dels nostres professionals&#8221;.<\/p>\n\n\n\n<p class=\"wp-block-paragraph\">La consellera ha fet extensiu aquest agra\u00efment a l&#8217;col\u00b7lectiu farmac\u00e8utic, que est\u00e0 en primera l\u00ednia d&#8217;atenci\u00f3 a la ciutadania; a el personal sanitari jubilat que ja s&#8217;ha posat a disposici\u00f3 per ajudar a aturar aquesta epid\u00e8mia; als col\u00b7legis professionals de medicina, infermeria, farm\u00e0cia i veterin\u00e0ria; als donants, que segueixen demostrant la seva generositat especialment aquests dies; a la societat civil: als hostalers que han ofert les seves instal\u00b7lacions per si fossin necess\u00e0ries, als taxistes, als treballadors i treballadores de les botigues d&#8217;alimentaci\u00f3; i a totes les persones que, a t\u00edtol individual, han fet arribar la seva preocupaci\u00f3 i el seu comprom\u00eds amb la sanitat.<\/p>\n\n\n\n<p class=\"wp-block-paragraph\">Per finalitzar la seva intervenci\u00f3, la consellera Ana Barcel\u00f3 ha asseverat: &#8220;\u00c9s el moment que ens cuidem tots. Cuidin i cuidem-nos&#8221;.<\/p>\n","protected":false},"excerpt":{"rendered":"<div class=\"mh-excerpt\">La consellera de Sanitat Universal i Salut P\u00fablica, Ana Barcel\u00f3, ha confirmat la mort a Val\u00e8ncia d&#8217;una dona de 75 anys que estava ingressada en un hospital i que patia una patologia pr\u00e8via. Es tractava <a class=\"mh-excerpt-more\" href=\"https:\/\/tucomarca.whitekongsoftware.com\/ca\/sanitat-confirma-una-mort-i-216-nous-positius-de-coronavirus-a-la-comunitat-valenciana-que-eleven-a-403-els-casos-actius\/\" title=\"Sanitat confirma una mort i 216 nous positius de coronavirus a la Comunitat Valenciana que eleven a 403 els casos actius\">[+] <\/a><\/div>\n","protected":false},"author":1,"featured_media":101132,"comment_status":"open","ping_status":"open","sticky":false,"template":"","format":"standard","meta":{"footnotes":""},"categories":[11010,10898,10948,10894,10904,10947,10896,10897],"tags":[11939,11937,11940,11938],"class_list":["post-101135","post","type-post","status-publish","format-standard","has-post-thumbnail","category-canal-salud","category-ventana-ca","category-infraestructuras-ca","category-la-comarca-ca","category-sin-categorizar-ca","category-politica","category-seccion-ca","category-sucesos-la-comarca-ca","tag-coronavirus-ca","tag-coronavirus","tag-covid-19-ca","tag-covid-19"],"_links":{"self":[{"href":"https:\/\/tucomarca.whitekongsoftware.com\/ca\/wp-json\/wp\/v2\/posts\/101135","targetHints":{"allow":["GET"]}}],"collection":[{"href":"https:\/\/tucomarca.whitekongsoftware.com\/ca\/wp-json\/wp\/v2\/posts"}],"about":[{"href":"https:\/\/tucomarca.whitekongsoftware.com\/ca\/wp-json\/wp\/v2\/types\/post"}],"author":[{"embeddable":true,"href":"https:\/\/tucomarca.whitekongsoftware.com\/ca\/wp-json\/wp\/v2\/users\/1"}],"replies":[{"embeddable":true,"href":"https:\/\/tucomarca.whitekongsoftware.com\/ca\/wp-json\/wp\/v2\/comments?post=101135"}],"version-history":[{"count":0,"href":"https:\/\/tucomarca.whitekongsoftware.com\/ca\/wp-json\/wp\/v2\/posts\/101135\/revisions"}],"wp:featuredmedia":[{"embeddable":true,"href":"https:\/\/tucomarca.whitekongsoftware.com\/ca\/wp-json\/wp\/v2\/media\/101132"}],"wp:attachment":[{"href":"https:\/\/tucomarca.whitekongsoftware.com\/ca\/wp-json\/wp\/v2\/media?parent=101135"}],"wp:term":[{"taxonomy":"category","embeddable":true,"href":"https:\/\/tucomarca.whitekongsoftware.com\/ca\/wp-json\/wp\/v2\/categories?post=101135"},{"taxonomy":"post_tag","embeddable":true,"href":"https:\/\/tucomarca.whitekongsoftware.com\/ca\/wp-json\/wp\/v2\/tags?post=101135"}],"curies":[{"name":"wp","href":"https:\/\/api.w.org\/{rel}","templated":true}]}}