{"id":101077,"date":"2020-03-13T23:23:28","date_gmt":"2020-03-13T21:23:28","guid":{"rendered":"http:\/\/www.tucomarca.com\/wordpress\/segunda\/?p=101077"},"modified":"2020-03-13T23:23:30","modified_gmt":"2020-03-13T21:23:30","slug":"sanitat-confirma-dues-morts-i-31-nous-casos-positius-de-coronavirus-a-la-comunitat-valenciana","status":"publish","type":"post","link":"https:\/\/tucomarca.whitekongsoftware.com\/ca\/sanitat-confirma-dues-morts-i-31-nous-casos-positius-de-coronavirus-a-la-comunitat-valenciana\/","title":{"rendered":"Sanitat confirma dues morts i 31 nous casos positius de coronavirus a la Comunitat Valenciana"},"content":{"rendered":"\n<p class=\"wp-block-paragraph\">En primer lloc, Barcel\u00f3 ha informat de la mort de dues persones a Alacant i Val\u00e8ncia que havien donat positiu en coronavirus. En tots dos casos es tracta de persones grans que patien patologies pr\u00e8vies. El mort a la prov\u00edncia d&#8217;Alacant \u00e9s un home de 77 anys i l&#8217;altra persona morta \u00e9s una dona de 90 anys, relacionada amb el brot de la resid\u00e8ncia de majors de la prov\u00edncia de Val\u00e8ncia. Era l&#8217;\u00fanica resident que es trobava hospitalitzada. D&#8217;aquesta manera, el nombre de morts a la Comunitat Valenciana s&#8217;eleva a 3.<\/p>\n\n\n\n<p class=\"wp-block-paragraph\">D&#8217;altra banda, s&#8217;han conegut 20 nous casos positius a la resid\u00e8ncia de majors, el que eleva a 50 el nombre de casos en aquest centre.<\/p>\n\n\n\n<p class=\"wp-block-paragraph\">D&#8217;altra banda, aquesta tarda s&#8217;ha confirmat un brot a l&#8217;Hospital General d&#8217;Alacant que ha afectat a 9 facultatius. Un d&#8217;ells es troba hospitalitzat amb pneum\u00f2nia. A m\u00e9s, s&#8217;ha conegut un nou cas a l&#8217;Hospital Provincial de Castell\u00f3. Es tracta d&#8217;un facultatiu que presenta s\u00edmptomes lleus i es troba en el seu domicili.<\/p>\n\n\n\n<p class=\"wp-block-paragraph\">Finalment, la consellera ha informat d&#8217;un positiu a la prov\u00edncia d&#8217;Alacant. \u00c9s un home que tamb\u00e9 presenta s\u00edmptomes lleus i, com l&#8217;anterior, es recupera al seu domicili.<\/p>\n\n\n\n<p class=\"wp-block-paragraph\">D&#8217;aquesta manera, el nombre de casos actius s&#8217;eleva a 148.<\/p>\n\n\n\n<p class=\"wp-block-paragraph\">Amb aquests 31 nous casos positius i, despr\u00e9s de la defunci\u00f3 de dues persones, el nombre de casos actius a la Comunitat Valenciana s&#8217;eleva a 148:<\/p>\n\n\n\n<p class=\"wp-block-paragraph\">\u00b7 5 a la prov\u00edncia de Castell\u00f3<\/p>\n\n\n\n<p class=\"wp-block-paragraph\">\u00b7 104 a la prov\u00edncia de Val\u00e8ncia<\/p>\n\n\n\n<p class=\"wp-block-paragraph\">\u00b7 39 a la prov\u00edncia d&#8217;Alacant<\/p>\n\n\n\n<p class=\"wp-block-paragraph\">De tots aquests casos, 31 es troben ingressats i 69 al seu domicili, mentre 48 dels 30 casos positius de la resid\u00e8ncia de gent gran es troben al centre.<\/p>\n\n\n\n<p class=\"wp-block-paragraph\">En aquests moments, dels 148 casos actius ha 2 que revesteixen gravetat.<\/p>\n\n\n\n<p class=\"wp-block-paragraph\"><strong>Reuni\u00f3 amb el sector sanitari privat<\/strong><\/p>\n\n\n\n<p class=\"wp-block-paragraph\">La consellera ha informat tamb\u00e9 de la reuni\u00f3 que ha mantingut aquesta tarda amb els representants dels 24 hospitals i centres sanitaris privats de la Comunitat Valenciana per a explicar-los de primera m\u00e0 el decret aprovat aquest divendres pel Ple de Consell. Un decret que disposa mesures extraordin\u00e0ries de gesti\u00f3 sanit\u00e0ria a salvaguarda de la salut p\u00fablica a causa de l&#8217;coronavirus.<\/p>\n\n\n\n<p class=\"wp-block-paragraph\">En virtut d&#8217;aquest decret, es posen a disposici\u00f3 de l&#8217;Ag\u00e8ncia Valenciana de Salut dels mitjans i recursos sanitaris d&#8217;altres administracions p\u00fabliques i de centres i establiments sanitaris privats.<\/p>\n\n\n\n<p class=\"wp-block-paragraph\">Barcel\u00f3 assenyalava que &#8220;els he traslladat un missatge de col\u00b7laboraci\u00f3 entre la Conselleria de Sanitat i el sector privat, ja que a hores d&#8217;ara cal una col\u00b7laboraci\u00f3 total i absoluta perqu\u00e8 tots els recursos sanitaris existents estiguin a disposici\u00f3 de la ciutadania&#8221;. A m\u00e9s, ha volgut agrair &#8220;la voluntat col\u00b7laboradora mostrada pel sector privat&#8221;.<\/p>\n\n\n\n<p class=\"wp-block-paragraph\">A la trobada han assistit tamb\u00e9 el subsecretari de la Conselleria, David Fern\u00e1ndez; la directora general d&#8217;Assist\u00e8ncia Sanit\u00e0ria, Mariam Garc\u00eda Layunta; la directora general de Recursos Humans, Carmen L\u00f3pez; la directora general d&#8217;Efici\u00e8ncia i R\u00e8gim Econ\u00f2mic, Carmelina Pla; el director general de Farm\u00e0cia, Jos\u00e9 Manuel Ventura; i el director general de Recerca i Alta Inspecci\u00f3, Javier Burgos.<\/p>\n\n\n\n<p class=\"wp-block-paragraph\">Tota la informaci\u00f3 actualitzada a: http:\/\/www.san.gva.es\/coronavirus.<\/p>\n","protected":false},"excerpt":{"rendered":"<div class=\"mh-excerpt\">En primer lloc, Barcel\u00f3 ha informat de la mort de dues persones a Alacant i Val\u00e8ncia que havien donat positiu en coronavirus. En tots dos casos es tracta de persones grans que patien patologies pr\u00e8vies. <a class=\"mh-excerpt-more\" href=\"https:\/\/tucomarca.whitekongsoftware.com\/ca\/sanitat-confirma-dues-morts-i-31-nous-casos-positius-de-coronavirus-a-la-comunitat-valenciana\/\" title=\"Sanitat confirma dues morts i 31 nous casos positius de coronavirus a la Comunitat Valenciana\">[+] <\/a><\/div>\n","protected":false},"author":1,"featured_media":101075,"comment_status":"open","ping_status":"open","sticky":false,"template":"","format":"standard","meta":{"footnotes":""},"categories":[11010,10898,10948,10894,10904,10947,10896,10897],"tags":[11937,11939,11940,11938],"class_list":["post-101077","post","type-post","status-publish","format-standard","has-post-thumbnail","category-canal-salud","category-ventana-ca","category-infraestructuras-ca","category-la-comarca-ca","category-sin-categorizar-ca","category-politica","category-seccion-ca","category-sucesos-la-comarca-ca","tag-coronavirus","tag-coronavirus-ca","tag-covid-19-ca","tag-covid-19"],"_links":{"self":[{"href":"https:\/\/tucomarca.whitekongsoftware.com\/ca\/wp-json\/wp\/v2\/posts\/101077","targetHints":{"allow":["GET"]}}],"collection":[{"href":"https:\/\/tucomarca.whitekongsoftware.com\/ca\/wp-json\/wp\/v2\/posts"}],"about":[{"href":"https:\/\/tucomarca.whitekongsoftware.com\/ca\/wp-json\/wp\/v2\/types\/post"}],"author":[{"embeddable":true,"href":"https:\/\/tucomarca.whitekongsoftware.com\/ca\/wp-json\/wp\/v2\/users\/1"}],"replies":[{"embeddable":true,"href":"https:\/\/tucomarca.whitekongsoftware.com\/ca\/wp-json\/wp\/v2\/comments?post=101077"}],"version-history":[{"count":0,"href":"https:\/\/tucomarca.whitekongsoftware.com\/ca\/wp-json\/wp\/v2\/posts\/101077\/revisions"}],"wp:featuredmedia":[{"embeddable":true,"href":"https:\/\/tucomarca.whitekongsoftware.com\/ca\/wp-json\/wp\/v2\/media\/101075"}],"wp:attachment":[{"href":"https:\/\/tucomarca.whitekongsoftware.com\/ca\/wp-json\/wp\/v2\/media?parent=101077"}],"wp:term":[{"taxonomy":"category","embeddable":true,"href":"https:\/\/tucomarca.whitekongsoftware.com\/ca\/wp-json\/wp\/v2\/categories?post=101077"},{"taxonomy":"post_tag","embeddable":true,"href":"https:\/\/tucomarca.whitekongsoftware.com\/ca\/wp-json\/wp\/v2\/tags?post=101077"}],"curies":[{"name":"wp","href":"https:\/\/api.w.org\/{rel}","templated":true}]}}