{"id":101068,"date":"2020-03-13T22:20:08","date_gmt":"2020-03-13T20:20:08","guid":{"rendered":"http:\/\/www.tucomarca.com\/wordpress\/segunda\/?p=101068"},"modified":"2020-03-13T22:20:10","modified_gmt":"2020-03-13T20:20:10","slug":"ximo-puig-assegura-que-el-subministrament-de-productes-esta-garantit-i-demana-corresponsabilitat-a-la-ciutadania","status":"publish","type":"post","link":"https:\/\/tucomarca.whitekongsoftware.com\/ca\/ximo-puig-assegura-que-el-subministrament-de-productes-esta-garantit-i-demana-corresponsabilitat-a-la-ciutadania\/","title":{"rendered":"Ximo Puig assegura que el subministrament de productes &#8220;est\u00e0 garantit&#8221; i demana &#8220;corresponsabilitat&#8221; a la ciutadania"},"content":{"rendered":"\n<p class=\"wp-block-paragraph\">El president de la Generalitat, Ximo Puig, ha assegurat que el subministrament de productes &#8220;est\u00e0 garantit&#8221; i ha llan\u00e7at un missatge de tranquil\u00b7litat, a el temps que ha demanat &#8220;coresponsabilitat a el conjunt de ciutadans i ciutadanes&#8221;.<br>Aix\u00ed s&#8217;ha expressat despr\u00e9s de la reuni\u00f3 que ha mantingut al Palau amb associacions de consumidors i empreses de distribuci\u00f3 comercial, emmarcada en la ronda de contactes amb la societat civil per coordinar la gesti\u00f3 de la crisi del coronavirus.<br>El titular de el Consell ha explicat que &#8220;no cal l&#8217;apilament massiu de productes&#8221; despr\u00e9s d&#8217;una reuni\u00f3 en la qual els representants de el sector de la distribuci\u00f3 han assegurat que est\u00e0 garantit el prove\u00efment.<br>&#8220;Volem dir amb total claredat que aquest \u00e9s un moment dif\u00edcil de qu\u00e8 hem de sortir sent responsables i tenint una actitud serena&#8221;, ha afirmat Puig, que ha cridat a &#8220;evitar actituds fren\u00e8tiques&#8221; que &#8220;nom\u00e9s tenen&#8221; conseq\u00fc\u00e8ncies negatives &#8220;.<br>Despr\u00e9s de la trobada, i a preguntes dels mitjans de comunicaci\u00f3, ha recordat la seguretat que suposa la fortalesa de el sector de la distribuci\u00f3 a la Comunitat Valenciana, amb empreses potents que s\u00f3n &#8220;l\u00edders a Espanya&#8221;.<br> A la reuni\u00f3 han estat presents el conseller d&#8217;Economia Sostenible, sectors productius, Comer\u00e7 i Treball, Rafa Climent, i, per part de sector de la distribuci\u00f3b, el director de l&#8217;Associaci\u00f3 de Supermercats de la Comunitat Valenciana, Pedro Reig; la directora de Relacions Externes de la Comunitat Valenciana de Mercadona, Pau Villalba; l&#8217;executiva de Relacions Institucionals i Responsabilitat Social Empresarial de Consum, Carmen Picot; el responsable de Qualitat de Masymas, Lliris Garc\u00eda i el director general De Musgrave Espanya, Luis L\u00f3pez.<br>A m\u00e9s, tamb\u00e9 han estat presents el president de la Uni\u00f3 de Consumidors de la Comunitat, Mar\u00eda Jos\u00e9 L\u00f3pez; el de l&#8217;Associaci\u00f3 Valenciana de Consumidors i Usuaris, Fernando Moner, i la de Associaci\u00f3 Valenciana d&#8217;Ames de Casa I Consumidors Tyrius, Vicenta Alc\u00e0sser.<\/p>\n","protected":false},"excerpt":{"rendered":"<div class=\"mh-excerpt\">El president de la Generalitat, Ximo Puig, ha assegurat que el subministrament de productes &#8220;est\u00e0 garantit&#8221; i ha llan\u00e7at un missatge de tranquil\u00b7litat, a el temps que ha demanat &#8220;coresponsabilitat a el conjunt de ciutadans <a class=\"mh-excerpt-more\" href=\"https:\/\/tucomarca.whitekongsoftware.com\/ca\/ximo-puig-assegura-que-el-subministrament-de-productes-esta-garantit-i-demana-corresponsabilitat-a-la-ciutadania\/\" title=\"Ximo Puig assegura que el subministrament de productes &#8220;est\u00e0 garantit&#8221; i demana &#8220;corresponsabilitat&#8221; a la ciutadania\">[+] <\/a><\/div>\n","protected":false},"author":1,"featured_media":101067,"comment_status":"open","ping_status":"open","sticky":false,"template":"","format":"standard","meta":{"footnotes":""},"categories":[11010,10898,10948,10894,10904,10947,10896,10897],"tags":[11939,11937,11940,11938],"class_list":["post-101068","post","type-post","status-publish","format-standard","has-post-thumbnail","category-canal-salud","category-ventana-ca","category-infraestructuras-ca","category-la-comarca-ca","category-sin-categorizar-ca","category-politica","category-seccion-ca","category-sucesos-la-comarca-ca","tag-coronavirus-ca","tag-coronavirus","tag-covid-19-ca","tag-covid-19"],"_links":{"self":[{"href":"https:\/\/tucomarca.whitekongsoftware.com\/ca\/wp-json\/wp\/v2\/posts\/101068","targetHints":{"allow":["GET"]}}],"collection":[{"href":"https:\/\/tucomarca.whitekongsoftware.com\/ca\/wp-json\/wp\/v2\/posts"}],"about":[{"href":"https:\/\/tucomarca.whitekongsoftware.com\/ca\/wp-json\/wp\/v2\/types\/post"}],"author":[{"embeddable":true,"href":"https:\/\/tucomarca.whitekongsoftware.com\/ca\/wp-json\/wp\/v2\/users\/1"}],"replies":[{"embeddable":true,"href":"https:\/\/tucomarca.whitekongsoftware.com\/ca\/wp-json\/wp\/v2\/comments?post=101068"}],"version-history":[{"count":0,"href":"https:\/\/tucomarca.whitekongsoftware.com\/ca\/wp-json\/wp\/v2\/posts\/101068\/revisions"}],"wp:featuredmedia":[{"embeddable":true,"href":"https:\/\/tucomarca.whitekongsoftware.com\/ca\/wp-json\/wp\/v2\/media\/101067"}],"wp:attachment":[{"href":"https:\/\/tucomarca.whitekongsoftware.com\/ca\/wp-json\/wp\/v2\/media?parent=101068"}],"wp:term":[{"taxonomy":"category","embeddable":true,"href":"https:\/\/tucomarca.whitekongsoftware.com\/ca\/wp-json\/wp\/v2\/categories?post=101068"},{"taxonomy":"post_tag","embeddable":true,"href":"https:\/\/tucomarca.whitekongsoftware.com\/ca\/wp-json\/wp\/v2\/tags?post=101068"}],"curies":[{"name":"wp","href":"https:\/\/api.w.org\/{rel}","templated":true}]}}