{"id":101025,"date":"2020-03-14T11:36:02","date_gmt":"2020-03-14T09:36:02","guid":{"rendered":"http:\/\/www.tucomarca.com\/wordpress\/segunda\/?p=101025"},"modified":"2020-03-14T11:36:05","modified_gmt":"2020-03-14T09:36:05","slug":"proteccio-civil-i-emergencies-alerta-per-pluges-tempestes-i-nevades-a-partir-de-diumenge","status":"publish","type":"post","link":"https:\/\/tucomarca.whitekongsoftware.com\/ca\/proteccio-civil-i-emergencies-alerta-per-pluges-tempestes-i-nevades-a-partir-de-diumenge\/","title":{"rendered":"Protecci\u00f3 Civil i Emerg\u00e8ncies alerta per pluges, tempestes i nevades a partir de diumenge"},"content":{"rendered":"\n<p class=\"wp-block-paragraph\">La Direcci\u00f3 General de Protecci\u00f3 Civil i Emerg\u00e8ncies de el Ministeri de l&#8217;Interior, d&#8217;acord amb les prediccions de l&#8217;Ag\u00e8ncia Estatal de Meteorologia (AEMET), alerta per pluja, tempestes i nevades a partir de diumenge.<\/p>\n\n\n\n<p class=\"wp-block-paragraph\">A partir de la tarda de diumenge es preveu un canvi important en la situaci\u00f3 meteorol\u00f2gica a la Pen\u00ednsula i Balears, amb especial incid\u00e8ncia en el quadrant nord-est i zona centre peninsular, on s&#8217;esperen pluges intenses, tempestes fortes i copioses nevades en zones de muntanya.<\/p>\n\n\n\n<p class=\"wp-block-paragraph\">Dilluns es formar\u00e0 una DANA (Depressi\u00f3 A\u00efllada en Nivells Alts) a l&#8217;interior peninsular que donar\u00e0 lloc a precipitacions molt probablement forts i persistents, en la meitat nord de la Comunitat Valenciana, extrem sud de Catalunya, Terol i altres zones de l&#8217;entorn de l&#8217;Sistema Ib\u00e8ric.<\/p>\n\n\n\n<p class=\"wp-block-paragraph\">El descens t\u00e8rmic entre diumenge i dilluns ser\u00e0 notable o extraordinari en gran part de l&#8217;\u00e0rea peninsular, provocant nevades copioses a partir d&#8217;uns 800 o 1000 metres en els sistemes Central, Ib\u00e8ric i Pirineus, amb especial incid\u00e8ncia en la prov\u00edncia de Terol.<\/p>\n\n\n\n<p class=\"wp-block-paragraph\"><strong>Recomanacions<\/strong><br> &nbsp;&nbsp;<br><strong>Davant pluges intenses<\/strong><\/p>\n\n\n\n<p class=\"wp-block-paragraph\">Si va conduint, disminueixi la velocitat, extremeu les precaucions i no s&#8217;aturi en zones on pugui disc\u00f3rrer gran quantitat d&#8217;aigua.<br> Si ha de viatjar, procureu circular preferentment per carreteres principals i autopistes.<br>En cas de tempestes sobtades i pluges intenses, s&#8217;ha de tenir en compte el lloc on s&#8217;aparquen els vehicles. El r\u00e0pid ascens de el nivell de les aig\u00fces pot danyar els vehicles aparcats sobre zones inundables i, a m\u00e9s, arrossegar-los, provocant danys a b\u00e9ns aliens i fins i tot obstaculitzar el flux natural del corrent.<br>Si comen\u00e7a a ploure de manera torrencial, pensi que hi ha risc d&#8217;inundaci\u00f3.<br> No travessi amb el seu vehicle ni a peu, els trams inundats, perqu\u00e8 desconeix el que pot haver sota de l&#8217;aigua i localitzeu els punts m\u00e9s alts de la zona. No intenti salvar el seu autom\u00f2bil enmig d&#8217;una inundaci\u00f3.<br>Si es troba al camp, cal allunyar-se dels rius, torrents i zones baixes de vessants i turons, evitant travessar guals inundats. Igualment, ha de dirigir-se als punts m\u00e9s alts de la zona.<br>No obstant aix\u00f2, el dif\u00edcil pron\u00f2stic dels fen\u00f2mens tempestuosos aconsella mantenir-se informat en tot moment de la possible evoluci\u00f3 dels canvis meteorol\u00f2gics.<\/p>\n\n\n\n<p class=\"wp-block-paragraph\"><strong>Davant el risc de tempestes<\/strong><\/p>\n\n\n\n<p class=\"wp-block-paragraph\">El perill de les tempestes per a les persones es produeix, fonamentalment, en camp obert. No obstant aix\u00f2, en els nuclis urbans tamb\u00e9 hi ha perill de caiguda de llamps, pel que \u00e9s convenient col\u00b7locar-se prop dels edificis per protegir-se. En els habitatges s&#8217;aconsella evitar els corrents d&#8217;aire. Si va conduint, un vehicle tancat pot ser un bon refugi.<br> Si la tempesta el sorpr\u00e8n al camp, eviti c\u00f3rrer i romandre en llocs elevats, com els alts dels turons, carenes o divis\u00f2ries. No es refugie davall els arbres i allunyeu-vos de filats i objectes met\u00e0l\u00b7lics.<\/p>\n\n\n\n<p class=\"wp-block-paragraph\"><strong>Davant la previsi\u00f3 de neu<\/strong><\/p>\n\n\n\n<p class=\"wp-block-paragraph\">Si \u00e9s imprescindible viatjar per carretera, ha d&#8217;anar molt atent i tenir especial cura amb les plaques de gel.<br> Informeu-vos de la situaci\u00f3 meteorol\u00f2gica i l&#8217;estat de les carreteres, extremi les precaucions, revisi el vehicle i atengui les recomanacions de Tr\u00e0nsit.<br> Reviseu els pneum\u00e0tics, anticongelant i frens. A m\u00e9s, cal tenir la precauci\u00f3 d&#8217;omplir el dip\u00f2sit de la gasolina i portar pneum\u00e0tics d&#8217;hivern o cadenes.<br> \u00c9s \u00fatil portar roba d&#8217;abric i un tel\u00e8fon m\u00f2bil amb bateria de recanvi i \/ o carregador d&#8217;autom\u00f2bil.<br> Si est\u00e0 atrapat a la neu, s&#8217;aconsella romandre al cotxe, amb la calefacci\u00f3 posada, renovant cada cert temps l&#8217;aire, i vigilar que el tub d&#8217;escapament no estigui obstru\u00eft per evitar que els gasos penetrin a l&#8217;interior de vehicle.<br> En cas de quedar-se a\u00efllat i necessitar ajuda, no intenti resoldre la situaci\u00f3 per si mateix, tracti d&#8217;informar d&#8217;aquest fet i, llevat que la situaci\u00f3 siga insostenible, esperi assist\u00e8ncia.<\/p>\n","protected":false},"excerpt":{"rendered":"<div class=\"mh-excerpt\">La Direcci\u00f3 General de Protecci\u00f3 Civil i Emerg\u00e8ncies de el Ministeri de l&#8217;Interior, d&#8217;acord amb les prediccions de l&#8217;Ag\u00e8ncia Estatal de Meteorologia (AEMET), alerta per pluja, tempestes i nevades a partir de diumenge. A partir <a class=\"mh-excerpt-more\" href=\"https:\/\/tucomarca.whitekongsoftware.com\/ca\/proteccio-civil-i-emergencies-alerta-per-pluges-tempestes-i-nevades-a-partir-de-diumenge\/\" title=\"Protecci\u00f3 Civil i Emerg\u00e8ncies alerta per pluges, tempestes i nevades a partir de diumenge\">[+] <\/a><\/div>\n","protected":false},"author":12,"featured_media":94326,"comment_status":"open","ping_status":"open","sticky":false,"template":"","format":"standard","meta":{"footnotes":""},"categories":[10898,10894,10904,10903,10896],"tags":[11949],"class_list":["post-101025","post","type-post","status-publish","format-standard","has-post-thumbnail","category-ventana-ca","category-la-comarca-ca","category-sin-categorizar-ca","category-medio-ambiente-la-comarca-ca","category-seccion-ca","tag-alerta-lluvias"],"_links":{"self":[{"href":"https:\/\/tucomarca.whitekongsoftware.com\/ca\/wp-json\/wp\/v2\/posts\/101025","targetHints":{"allow":["GET"]}}],"collection":[{"href":"https:\/\/tucomarca.whitekongsoftware.com\/ca\/wp-json\/wp\/v2\/posts"}],"about":[{"href":"https:\/\/tucomarca.whitekongsoftware.com\/ca\/wp-json\/wp\/v2\/types\/post"}],"author":[{"embeddable":true,"href":"https:\/\/tucomarca.whitekongsoftware.com\/ca\/wp-json\/wp\/v2\/users\/12"}],"replies":[{"embeddable":true,"href":"https:\/\/tucomarca.whitekongsoftware.com\/ca\/wp-json\/wp\/v2\/comments?post=101025"}],"version-history":[{"count":0,"href":"https:\/\/tucomarca.whitekongsoftware.com\/ca\/wp-json\/wp\/v2\/posts\/101025\/revisions"}],"wp:featuredmedia":[{"embeddable":true,"href":"https:\/\/tucomarca.whitekongsoftware.com\/ca\/wp-json\/wp\/v2\/media\/94326"}],"wp:attachment":[{"href":"https:\/\/tucomarca.whitekongsoftware.com\/ca\/wp-json\/wp\/v2\/media?parent=101025"}],"wp:term":[{"taxonomy":"category","embeddable":true,"href":"https:\/\/tucomarca.whitekongsoftware.com\/ca\/wp-json\/wp\/v2\/categories?post=101025"},{"taxonomy":"post_tag","embeddable":true,"href":"https:\/\/tucomarca.whitekongsoftware.com\/ca\/wp-json\/wp\/v2\/tags?post=101025"}],"curies":[{"name":"wp","href":"https:\/\/api.w.org\/{rel}","templated":true}]}}