{"id":101016,"date":"2020-03-12T23:53:43","date_gmt":"2020-03-12T21:53:43","guid":{"rendered":"http:\/\/www.tucomarca.com\/wordpress\/segunda\/?p=101016"},"modified":"2020-03-12T23:53:44","modified_gmt":"2020-03-12T21:53:44","slug":"suspenen-les-classes-de-forma-indefinida-en-tots-els-centres-educatius-de-la-comunitat-valenciana-a-partir-de-dilluns","status":"publish","type":"post","link":"https:\/\/tucomarca.whitekongsoftware.com\/ca\/suspenen-les-classes-de-forma-indefinida-en-tots-els-centres-educatius-de-la-comunitat-valenciana-a-partir-de-dilluns\/","title":{"rendered":"Suspenen les classes de forma indefinida en tots els centres educatius de la Comunitat Valenciana a partir de dilluns"},"content":{"rendered":"\n<p class=\"wp-block-paragraph\">El president de la Generalitat, Ximo Puig, ha informat que se susp\u00e8n &#8220;tota l&#8217;activitat docent, tant en educaci\u00f3 prim\u00e0ria, secund\u00e0ria i formaci\u00f3 professional com tamb\u00e9 en l&#8217;ensenyament universitari&#8221; a la Comunitat Valenciana a partir de dilluns, 16 de mar\u00e7.<\/p>\n\n\n\n<p class=\"wp-block-paragraph\">La Conselleria de Sanitat Universal i Salut P\u00fablica, ha determinat, com a conseq\u00fc\u00e8ncia de la situaci\u00f3 i evoluci\u00f3 de l&#8217;coronavirus, la suspensi\u00f3 temporal de l&#8217;activitat educativa presencial a tots els centres, etapes, cicles, graus, cursos i nivells d&#8217;ensenyament de la Comunitat Valenciana .<\/p>\n\n\n\n<p class=\"wp-block-paragraph\">La Taula Interdepartamental per a la prevenci\u00f3 i actuaci\u00f3 davant de l&#8217;coronavirus s&#8217;ha reunit a la tarda d&#8217;aquest dijous per abordar les mesures que prendr\u00e0 el Consell en l&#8217;\u00e0mbit educatiu i formatiu per frenar l&#8217;avan\u00e7 de l&#8217;COVID-19.<\/p>\n\n\n\n<p class=\"wp-block-paragraph\">Segons ha explicat als mitjans de comunicaci\u00f3, Puig ha afirmat que amb aquesta decisi\u00f3 es pret\u00e9n &#8220;fer el m\u00e0xim esfor\u00e7 possible per posar fi a aquesta situaci\u00f3 tan complicada&#8221;.<\/p>\n\n\n\n<p class=\"wp-block-paragraph\">Aix\u00ed mateix, el president ha indicat que, durant la reuni\u00f3, tamb\u00e9 s&#8217;han iniciat treballs per a altres possibles mesures, que la Mesa adoptar\u00e0 en la reuni\u00f3 de divendres, despr\u00e9s del Ple de Consell.<\/p>\n\n\n\n<p class=\"wp-block-paragraph\"><strong>Instruccions d&#8217;Educaci\u00f3 de la Generalitat<\/strong><\/p>\n\n\n\n<p class=\"wp-block-paragraph\">El conseller d&#8217;Educaci\u00f3, Cultura i Esport, Vicent Marz\u00e0, ha destacat que la suspensi\u00f3 temporal de l&#8217;activitat acad\u00e8mica &#8220;no ha estat una decisi\u00f3 f\u00e0cil, per\u00f2 l&#8217;evoluci\u00f3 dels esdeveniments ha fet totalment necessari adoptar una mesura d&#8217;aquestes dimensions&#8221;.<\/p>\n\n\n\n<p class=\"wp-block-paragraph\">Aix\u00ed mateix, ha assenyalat el &#8220;permanent contacte&#8221; de la Conselleria amb els titulars d&#8217;Educaci\u00f3 d&#8217;altres comunitats aut\u00f2nomes m\u00e9s afectades, com Madrid i el Pa\u00eds Basc, i amb el Ministeri d&#8217;Educaci\u00f3 i Formaci\u00f3 Professional, per tal d &#8216; &#8220;estar plenament coordinats&#8221; i &#8220;prendre les accions amb cohesi\u00f3 i coher\u00e8ncia en el conjunt de l&#8217;Estat&#8221;.<\/p>\n\n\n\n<p class=\"wp-block-paragraph\">Davant d&#8217;aquesta situaci\u00f3 i per tal de mantenir un acompanyament educatiu a l&#8217;alumnat el m\u00e9s normalitzat possible mentre es mantingui aquesta suspensi\u00f3 temporal de l&#8217;activitat educativa presencial, la Conselleria d&#8217;Educaci\u00f3, Cultura i Esport ha dictat unes instruccions que hauran de seguir tots els centres educatius no universitaris sostinguts amb fons p\u00fablics.<\/p>\n\n\n\n<p class=\"wp-block-paragraph\">La suspensi\u00f3 de l&#8217;activitat educativa presencial ser\u00e0 aplicable a partir de dilluns 16 de mar\u00e7, i es mantindr\u00e0 mentre estigui en vigor aquesta suspensi\u00f3 de les activitats docents fins a nova ordre.<\/p>\n\n\n\n<p class=\"wp-block-paragraph\">El personal docent, no docent, d&#8217;administraci\u00f3 i serveis aix\u00ed com qualsevol altre que presta serveis en els centres educatius p\u00fablics i concertats assistir\u00e0, amb car\u00e0cter general, als centres educatius.<\/p>\n\n\n\n<p class=\"wp-block-paragraph\">A m\u00e9s, la direcci\u00f3 de centre podr\u00e0 promoure els sistemes de treball a dist\u00e0ncia o semipresencial quan aquests garanteixin la continu\u00eftat i seguiment de les activitats educatives previstes en aquesta resoluci\u00f3.<\/p>\n\n\n\n<p class=\"wp-block-paragraph\">La direcci\u00f3 dels centres, amb la col\u00b7laboraci\u00f3 del conjunt de l&#8217;professorat, coordinar\u00e0 la planificaci\u00f3 de la programaci\u00f3 lectiva durant el per\u00edode de no assist\u00e8ncia al centre i establir, si cal, el calendari de les reunions necess\u00e0ries per garantir la coher\u00e8ncia de la resposta educativa donada pel centre en relaci\u00f3 als diferents nivells i ensenyaments oferts.<\/p>\n\n\n\n<p class=\"wp-block-paragraph\"><strong>Universitats<\/strong><\/p>\n\n\n\n<p class=\"wp-block-paragraph\">Per la seva banda, la consellera d&#8217;Innovaci\u00f3, Universitats, Ci\u00e8ncia i Societat Digital, Carolina Pascual, ha confirmat que se susp\u00e8n tamb\u00e9 l&#8217;activitat docent a les universitats p\u00fabliques i privades de la Comunitat Valenciana i Centres Superiors d&#8217;Ensenyaments Art\u00edstics, una decisi\u00f3 que &#8220;es ha pres, a l&#8217;igual que en els centres educatius, per prevenir aquest possible contagi i contenir la situaci\u00f3 &#8220;.<\/p>\n\n\n\n<p class=\"wp-block-paragraph\">En aquest sentit, Pascual ha indicat que ha mantingut contacte &#8220;cont\u00ednuament amb els rectors de les universitats&#8221; i ha indicat que els centres universitaris &#8220;facilitaran els mitjans necessaris perqu\u00e8 la doc\u00e8ncia pugui seguir impartint de forma virtual, sense que sigui necess\u00e0ria la pres\u00e8ncia f\u00edsica dels alumnes per prevenir aquest contacte als campus &#8220;.<\/p>\n\n\n\n<p class=\"wp-block-paragraph\"><strong>&#8220;Autotest&#8221; per resoldre dubtes<\/strong><\/p>\n\n\n\n<p class=\"wp-block-paragraph\">La consellera de Sanitat Universal i Salut P\u00fablica, Ana Barcel\u00f3, ha actualitzat les dades dels pacients en la Comunitat i ha informat que el tel\u00e8fon d&#8217;informaci\u00f3 900.300.555 ha rebut ja m\u00e9s de 11.100 trucades.<\/p>\n\n\n\n<p class=\"wp-block-paragraph\">A m\u00e9s, com a novetat, ha destacat que s&#8217;ha habilitat un autotest a la p\u00e0gina web de la Conselleria perqu\u00e8 totes les persones que tinguin dubtes comprovin si presenten simptomatologia compatible amb el virus i s&#8217;informin dels passos a seguir.<\/p>\n\n\n\n<p class=\"wp-block-paragraph\">Aquesta eina pret\u00e9n alleugerir el flux de trucades a tel\u00e8fon d&#8217;informaci\u00f3 i, segons ha especificat la consellera tamb\u00e9 ofereix &#8220;informaci\u00f3 addicional per als pacients que ja estan a\u00efllats a casa i ha rebut ja 60.000 visites des d&#8217;aquesta vesprada&#8221;.<\/p>\n","protected":false},"excerpt":{"rendered":"<div class=\"mh-excerpt\">El president de la Generalitat, Ximo Puig, ha informat que se susp\u00e8n &#8220;tota l&#8217;activitat docent, tant en educaci\u00f3 prim\u00e0ria, secund\u00e0ria i formaci\u00f3 professional com tamb\u00e9 en l&#8217;ensenyament universitari&#8221; a la Comunitat Valenciana a partir de <a class=\"mh-excerpt-more\" href=\"https:\/\/tucomarca.whitekongsoftware.com\/ca\/suspenen-les-classes-de-forma-indefinida-en-tots-els-centres-educatius-de-la-comunitat-valenciana-a-partir-de-dilluns\/\" title=\"Suspenen les classes de forma indefinida en tots els centres educatius de la Comunitat Valenciana a partir de dilluns\">[+] <\/a><\/div>\n","protected":false},"author":1,"featured_media":101014,"comment_status":"open","ping_status":"open","sticky":false,"template":"","format":"standard","meta":{"footnotes":""},"categories":[11010,10898,10948,10894,11007,10947,10896,10897],"tags":[11939,11937,11940,11938],"class_list":["post-101016","post","type-post","status-publish","format-standard","has-post-thumbnail","category-canal-salud","category-ventana-ca","category-infraestructuras-ca","category-la-comarca-ca","category-ocio-y-cultura-ca","category-politica","category-seccion-ca","category-sucesos-la-comarca-ca","tag-coronavirus-ca","tag-coronavirus","tag-covid-19-ca","tag-covid-19"],"_links":{"self":[{"href":"https:\/\/tucomarca.whitekongsoftware.com\/ca\/wp-json\/wp\/v2\/posts\/101016","targetHints":{"allow":["GET"]}}],"collection":[{"href":"https:\/\/tucomarca.whitekongsoftware.com\/ca\/wp-json\/wp\/v2\/posts"}],"about":[{"href":"https:\/\/tucomarca.whitekongsoftware.com\/ca\/wp-json\/wp\/v2\/types\/post"}],"author":[{"embeddable":true,"href":"https:\/\/tucomarca.whitekongsoftware.com\/ca\/wp-json\/wp\/v2\/users\/1"}],"replies":[{"embeddable":true,"href":"https:\/\/tucomarca.whitekongsoftware.com\/ca\/wp-json\/wp\/v2\/comments?post=101016"}],"version-history":[{"count":0,"href":"https:\/\/tucomarca.whitekongsoftware.com\/ca\/wp-json\/wp\/v2\/posts\/101016\/revisions"}],"wp:featuredmedia":[{"embeddable":true,"href":"https:\/\/tucomarca.whitekongsoftware.com\/ca\/wp-json\/wp\/v2\/media\/101014"}],"wp:attachment":[{"href":"https:\/\/tucomarca.whitekongsoftware.com\/ca\/wp-json\/wp\/v2\/media?parent=101016"}],"wp:term":[{"taxonomy":"category","embeddable":true,"href":"https:\/\/tucomarca.whitekongsoftware.com\/ca\/wp-json\/wp\/v2\/categories?post=101016"},{"taxonomy":"post_tag","embeddable":true,"href":"https:\/\/tucomarca.whitekongsoftware.com\/ca\/wp-json\/wp\/v2\/tags?post=101016"}],"curies":[{"name":"wp","href":"https:\/\/api.w.org\/{rel}","templated":true}]}}