{"id":101009,"date":"2020-03-12T23:44:43","date_gmt":"2020-03-12T21:44:43","guid":{"rendered":"http:\/\/www.tucomarca.com\/wordpress\/segunda\/?p=101009"},"modified":"2020-03-12T23:44:44","modified_gmt":"2020-03-12T21:44:44","slug":"sanitat-habilita-un-autotest-sobre-el-coronavirus-per-a-les-persones-que-puguen-tindre-dubtes-sobre-si-son-portadores","status":"publish","type":"post","link":"https:\/\/tucomarca.whitekongsoftware.com\/ca\/sanitat-habilita-un-autotest-sobre-el-coronavirus-per-a-les-persones-que-puguen-tindre-dubtes-sobre-si-son-portadores\/","title":{"rendered":"Sanitat habilita un autotest sobre el coronavirus per a les persones que puguen tindre dubtes sobre si s\u00f3n portadores"},"content":{"rendered":"\n<p class=\"wp-block-paragraph\">La consellera de Sanitat Universal i Salut P\u00fablica, Ana Barcel\u00f3, ha confirmat 24 nous casos positius de coronavirus a la a la Comunitat Valenciana, el que eleva a 98 els casos actius.<\/p>\n\n\n\n<p class=\"wp-block-paragraph\">Catorze s&#8217;han registrat a la resid\u00e8ncia de majors de la prov\u00edncia de Val\u00e8ncia, arribant aix\u00ed a 30 el nombre de positius en aquest centre. Entre ells, un treballador de la resid\u00e8ncia que es troba al seu domicili. Tots els residents es recuperen al centre, excepte un que ha estat traslladat a un hospital com a mesura preventiva, encara que presenta s\u00edmptomes lleus. Des Salut P\u00fablica se segueix investigant l&#8217;origen de l&#8217;contagi en aquest centre.<\/p>\n\n\n\n<p class=\"wp-block-paragraph\">D&#8217;altra banda, han donat positiu 10 persones a les prov\u00edncies d&#8217;Alacant, Castell\u00f3 i Val\u00e8ncia.<\/p>\n\n\n\n<p class=\"wp-block-paragraph\">A la d&#8217;Alacant, s&#8217;ha registrat el cas d&#8217;un home, contacte d&#8217;un positiu anterior, que es troba al seu domicili; tamb\u00e9 una menor, el cas \u00e9s importat i que tamb\u00e9 es recupera a casa; una dona que es troba ingressada, tot i que el seu estat no \u00e9s greu; un metge, que presenta un cas secundari i que es recupera al seu domicili; i dos homes que s\u00f3n tamb\u00e9 casos secundaris i es troben en a\u00efllament domiciliari.<\/p>\n\n\n\n<p class=\"wp-block-paragraph\">D&#8217;altra banda, a la prov\u00edncia de Val\u00e8ncia, ha donat positiu una dona, contacte d&#8217;un positiu anterior, que es recupera al seu domicili; una altra dona que \u00e9s un cas importat i tamb\u00e9 est\u00e0 a casa; i una infermera, que \u00e9s un cas secundari i tamb\u00e9 es troba en el seu domicili.<\/p>\n\n\n\n<p class=\"wp-block-paragraph\">Finalment, a Castell\u00f3 s&#8217;ha detectat el cas d&#8217;una dona que \u00e9s un cas secundari i es recupera tamb\u00e9 en a\u00efllament domiciliari.<\/p>\n\n\n\n<p class=\"wp-block-paragraph\">Per tant, en aquest moment, a la Comunitat Valenciana, hi ha 98 casos actius: 4 a la prov\u00edncia de Castell\u00f3, 68 a la de Val\u00e8ncia i 26 a la prov\u00edncia d&#8217;Alacant.<\/p>\n\n\n\n<p class=\"wp-block-paragraph\">De tots aquests casos, 23 es troben ingressats i 47 es recuperen al seu domicili, mentre que 28 dels 30 casos positius de la resid\u00e8ncia de gent gran es troben al centre. A m\u00e9s, hi ha 103 professionals sanitaris en a\u00efllament preventiu.<\/p>\n\n\n\n<p class=\"wp-block-paragraph\">La consellera ha informat tamb\u00e9 que, fins al moment, s&#8217;han realitzat 1.852 proves amb resultat negatiu i que la l\u00ednia 900.300.555 ha at\u00e8s des que es va posar en marxa m\u00e9s de 11.100 trucades. El 20% d&#8217;elles han estat per sol\u00b7licitar informaci\u00f3 general i el 18% correspon a persones que t\u00e9 s\u00edmptomes compatibles amb la malaltia ia m\u00e9s compleix criteris epidemiol\u00f2gics.<\/p>\n\n\n\n<p class=\"wp-block-paragraph\"><strong>&#8220;Autotest&#8221; per a ciutadans<\/strong><\/p>\n\n\n\n<p class=\"wp-block-paragraph\">Avui mateix s&#8217;ha habilitat a la p\u00e0gina web de la Conselleria de Sanitat Universal una secci\u00f3 perqu\u00e8 les persones que tenen dubtes puguin realitzar un &#8220;Autotest&#8221; inicial i comprovar si s\u00f3n possibles contagiats per coronavirus. consultar aqu\u00ed<\/p>\n\n\n\n<p class=\"wp-block-paragraph\">Aquesta aplicaci\u00f3, seguint els criteris marcats pel Ministeri de Sanitat, ofereix informaci\u00f3 i t\u00e9 com a objectiu orientar els ciutadans sobre si han d&#8217;acudir a un centre de salut o trucar a el tel\u00e8fon habilitat per la conselleria, 900 300 555, en funci\u00f3 dels s\u00edmptomes que presenten i altres circumst\u00e0ncies com els llocs que han visitat o els contactes que han tingut en els \u00faltims dies.<\/p>\n\n\n\n<p class=\"wp-block-paragraph\">Aquesta informaci\u00f3 s&#8217;ofereix ja a trav\u00e9s de la l\u00ednia 900, que s&#8217;at\u00e9n a trav\u00e9s d&#8217;operadors que guien els ciutadans en els seus dubtes. Amb aquest &#8220;autotest&#8221;, per tant, es pret\u00e9n alleugerir el flux de trucades a la l\u00ednia 900, que han augmentat en els \u00faltims dies.<\/p>\n\n\n\n<p class=\"wp-block-paragraph\">El &#8220;autotest&#8221; sobre coronavirus ofereix, a m\u00e9s, informaci\u00f3 addicional per als que ja estan a\u00efllats a casa i tenen dubtes, les preguntes m\u00e9s freq\u00fcents sobre el virus o dubtes generals sobre aquesta malaltia.<\/p>\n","protected":false},"excerpt":{"rendered":"<div class=\"mh-excerpt\">La consellera de Sanitat Universal i Salut P\u00fablica, Ana Barcel\u00f3, ha confirmat 24 nous casos positius de coronavirus a la a la Comunitat Valenciana, el que eleva a 98 els casos actius. Catorze s&#8217;han registrat <a class=\"mh-excerpt-more\" href=\"https:\/\/tucomarca.whitekongsoftware.com\/ca\/sanitat-habilita-un-autotest-sobre-el-coronavirus-per-a-les-persones-que-puguen-tindre-dubtes-sobre-si-son-portadores\/\" title=\"Sanitat habilita un autotest sobre el coronavirus per a les persones que puguen tindre dubtes sobre si s\u00f3n portadores\">[+] <\/a><\/div>\n","protected":false},"author":1,"featured_media":101007,"comment_status":"open","ping_status":"open","sticky":false,"template":"","format":"standard","meta":{"footnotes":""},"categories":[11010,10898,10948,10894,10904,10947,10896,10897],"tags":[11939,11937,11938,11940],"class_list":["post-101009","post","type-post","status-publish","format-standard","has-post-thumbnail","category-canal-salud","category-ventana-ca","category-infraestructuras-ca","category-la-comarca-ca","category-sin-categorizar-ca","category-politica","category-seccion-ca","category-sucesos-la-comarca-ca","tag-coronavirus-ca","tag-coronavirus","tag-covid-19","tag-covid-19-ca"],"_links":{"self":[{"href":"https:\/\/tucomarca.whitekongsoftware.com\/ca\/wp-json\/wp\/v2\/posts\/101009","targetHints":{"allow":["GET"]}}],"collection":[{"href":"https:\/\/tucomarca.whitekongsoftware.com\/ca\/wp-json\/wp\/v2\/posts"}],"about":[{"href":"https:\/\/tucomarca.whitekongsoftware.com\/ca\/wp-json\/wp\/v2\/types\/post"}],"author":[{"embeddable":true,"href":"https:\/\/tucomarca.whitekongsoftware.com\/ca\/wp-json\/wp\/v2\/users\/1"}],"replies":[{"embeddable":true,"href":"https:\/\/tucomarca.whitekongsoftware.com\/ca\/wp-json\/wp\/v2\/comments?post=101009"}],"version-history":[{"count":0,"href":"https:\/\/tucomarca.whitekongsoftware.com\/ca\/wp-json\/wp\/v2\/posts\/101009\/revisions"}],"wp:featuredmedia":[{"embeddable":true,"href":"https:\/\/tucomarca.whitekongsoftware.com\/ca\/wp-json\/wp\/v2\/media\/101007"}],"wp:attachment":[{"href":"https:\/\/tucomarca.whitekongsoftware.com\/ca\/wp-json\/wp\/v2\/media?parent=101009"}],"wp:term":[{"taxonomy":"category","embeddable":true,"href":"https:\/\/tucomarca.whitekongsoftware.com\/ca\/wp-json\/wp\/v2\/categories?post=101009"},{"taxonomy":"post_tag","embeddable":true,"href":"https:\/\/tucomarca.whitekongsoftware.com\/ca\/wp-json\/wp\/v2\/tags?post=101009"}],"curies":[{"name":"wp","href":"https:\/\/api.w.org\/{rel}","templated":true}]}}