{"id":100960,"date":"2020-03-12T17:53:10","date_gmt":"2020-03-12T15:53:10","guid":{"rendered":"http:\/\/www.tucomarca.com\/wordpress\/segunda\/?p=100960"},"modified":"2020-03-12T17:53:12","modified_gmt":"2020-03-12T15:53:12","slug":"lajuntament-dutiel-suspen-activitats-davant-lalerta-de-lcoronavirus","status":"publish","type":"post","link":"https:\/\/tucomarca.whitekongsoftware.com\/ca\/lajuntament-dutiel-suspen-activitats-davant-lalerta-de-lcoronavirus\/","title":{"rendered":"L&#8217;Ajuntament d&#8217;Utiel susp\u00e8n activitats davant l&#8217;alerta de l&#8217;coronavirus"},"content":{"rendered":"\n<p class=\"wp-block-paragraph\">L&#8217;Ajuntament d&#8217;Utiel, d&#8217;acord amb la circular remesa per l&#8217;Ag\u00e8ncia Valenciana de Seguretat i Resposta a les Emerg\u00e8ncies, ha posat en marxa el pla de conting\u00e8ncia municipal amb un protocol b\u00e0sic en el qual es tindran en compte les actuacions a dur a terme en subministraments b\u00e0sics, edificis p\u00fablics, seguretat, o salut entre d&#8217;altres.<\/p>\n\n\n\n<p class=\"wp-block-paragraph\">Com a mesures preventives, la circular estableix la suspensi\u00f3 de visites divulgatives, cursos o activitats en llocs p\u00fablics amb elevada aflu\u00e8ncia pel que l&#8217;Ajuntament d&#8217;Utiel susp\u00e8n partir de dem\u00e0 i fins a nou av\u00eds, les activitats al Pavell\u00f3 Cobert, Piscina Coberta i Escoles Esportives Municipals .<br> De la mateixa manera, tamb\u00e9 queden suspeses les activitats programades per aquest cap de setmana a Casa de Cultura i Teatre Rambal: La inauguraci\u00f3 de l&#8217;exposici\u00f3 de pintura &#8220;Entre cultures&#8221; de Mario Mart\u00ednez Arenas; la presentaci\u00f3 del llibre &#8220;\u00a1Xurro va! de Rafael P\u00e9rez Guerrero, aix\u00ed com les projeccions de cinema programades.<\/p>\n\n\n\n<p class=\"wp-block-paragraph\">L&#8217;Ajuntament d&#8217;Utiel anir\u00e0 informant puntualment de les novetats que s&#8217;hagin d&#8217;implantar davant l&#8217;alerta de l&#8217;coronavirus d&#8217;acord a les directrius marcades per la Conselleria i el Ministeri de Sanitat i fa una crida a la col\u00b7laboraci\u00f3 ciutadana en la implantaci\u00f3 de mesures de contenci\u00f3 de l&#8217; virus.<\/p>\n\n\n\n<p class=\"wp-block-paragraph\"><strong>S\u00edmptomes, mesures preventives i tel\u00e8fons d&#8217;atenci\u00f3<\/strong><\/p>\n\n\n\n<p class=\"wp-block-paragraph\">Els s\u00edmptomes m\u00e9s comuns inclouen febre, tos, i sensaci\u00f3 de falta d&#8217;aire. En alguns casos tamb\u00e9 pot haver-hi s\u00edmptomes digestius com diarrea i dolor abdominal. La majoria dels casos presenten s\u00edmptomes lleus. En casos m\u00e9s greus, la infecci\u00f3 pot causar pneum\u00f2nia, dificultat important per respirar, fallada renal i fins i tot la mort. Els casos m\u00e9s greus generalment ocorren en persones d&#8217;edat avan\u00e7ada o que pateixen alguna malaltia cr\u00f2nica, com malalties de cor, de l&#8217;pulm\u00f3 o problemes d&#8217;immunitat.<\/p>\n\n\n\n<p class=\"wp-block-paragraph\">Les mesures gen\u00e8riques de protecci\u00f3 individual enfront de malalties respirat\u00f2ries inclouen:<\/p>\n\n\n\n<p class=\"wp-block-paragraph\">&nbsp;&#8211; Higiene de mans freq\u00fcent (rentat amb aigua i sab\u00f3 o solucions alcoh\u00f2liques), especialment despr\u00e9s de contacte directe amb persones malaltes o el seu entorn.<\/p>\n\n\n\n<ul class=\"wp-block-list\"><li>A l&#8217;tossir o esternudar, cobrir-se la boca i el nas amb el colze flexionat.<br>\n&nbsp;&#8211; Fer servir mocadors d&#8217;un sol \u00fas, i llen\u00e7ar-los despr\u00e9s del seu \u00fas.<br>\n&nbsp;&#8211; Si es presenten s\u00edmptomes respiratoris, evitar el contacte proper (mantenint una dist\u00e0ncia d&#8217;un metre aproximadament) amb altres persones.<\/li><li>Evitar tocar-se els ulls, el nas i la boca, ja que les mans faciliten la transmissi\u00f3. No cal prendre precaucions especials amb els animals a Espanya, ni amb els aliments, per evitar aquesta infecci\u00f3.<\/li><\/ul>\n\n\n\n<p class=\"wp-block-paragraph\">El tel\u00e8fon d&#8217;atenci\u00f3 davant l&#8217;alerta de l&#8217;coronavirus \u00e9s el 900 300 555.<\/p>\n\n\n\n<p class=\"wp-block-paragraph\">La ciutadania pot accedir a informaci\u00f3 actualitzada a trav\u00e9s de la Conselleria de Sanitat i el Ministeri de Sanitat.<\/p>\n","protected":false},"excerpt":{"rendered":"<div class=\"mh-excerpt\">L&#8217;Ajuntament d&#8217;Utiel, d&#8217;acord amb la circular remesa per l&#8217;Ag\u00e8ncia Valenciana de Seguretat i Resposta a les Emerg\u00e8ncies, ha posat en marxa el pla de conting\u00e8ncia municipal amb un protocol b\u00e0sic en el qual es tindran <a class=\"mh-excerpt-more\" href=\"https:\/\/tucomarca.whitekongsoftware.com\/ca\/lajuntament-dutiel-suspen-activitats-davant-lalerta-de-lcoronavirus\/\" title=\"L&#8217;Ajuntament d&#8217;Utiel susp\u00e8n activitats davant l&#8217;alerta de l&#8217;coronavirus\">[+] <\/a><\/div>\n","protected":false},"author":1,"featured_media":100958,"comment_status":"open","ping_status":"open","sticky":false,"template":"","format":"standard","meta":{"footnotes":""},"categories":[10948,10894,10947,10909,10896,10897,11059],"tags":[10387,10910],"class_list":["post-100960","post","type-post","status-publish","format-standard","has-post-thumbnail","category-infraestructuras-ca","category-la-comarca-ca","category-politica","category-requena-utiel-ca","category-seccion-ca","category-sucesos-la-comarca-ca","category-utiel-ca","tag-requena-utiel","tag-requena-utiel-ca"],"_links":{"self":[{"href":"https:\/\/tucomarca.whitekongsoftware.com\/ca\/wp-json\/wp\/v2\/posts\/100960","targetHints":{"allow":["GET"]}}],"collection":[{"href":"https:\/\/tucomarca.whitekongsoftware.com\/ca\/wp-json\/wp\/v2\/posts"}],"about":[{"href":"https:\/\/tucomarca.whitekongsoftware.com\/ca\/wp-json\/wp\/v2\/types\/post"}],"author":[{"embeddable":true,"href":"https:\/\/tucomarca.whitekongsoftware.com\/ca\/wp-json\/wp\/v2\/users\/1"}],"replies":[{"embeddable":true,"href":"https:\/\/tucomarca.whitekongsoftware.com\/ca\/wp-json\/wp\/v2\/comments?post=100960"}],"version-history":[{"count":0,"href":"https:\/\/tucomarca.whitekongsoftware.com\/ca\/wp-json\/wp\/v2\/posts\/100960\/revisions"}],"wp:featuredmedia":[{"embeddable":true,"href":"https:\/\/tucomarca.whitekongsoftware.com\/ca\/wp-json\/wp\/v2\/media\/100958"}],"wp:attachment":[{"href":"https:\/\/tucomarca.whitekongsoftware.com\/ca\/wp-json\/wp\/v2\/media?parent=100960"}],"wp:term":[{"taxonomy":"category","embeddable":true,"href":"https:\/\/tucomarca.whitekongsoftware.com\/ca\/wp-json\/wp\/v2\/categories?post=100960"},{"taxonomy":"post_tag","embeddable":true,"href":"https:\/\/tucomarca.whitekongsoftware.com\/ca\/wp-json\/wp\/v2\/tags?post=100960"}],"curies":[{"name":"wp","href":"https:\/\/api.w.org\/{rel}","templated":true}]}}