{"id":100924,"date":"2020-03-11T16:20:05","date_gmt":"2020-03-11T14:20:05","guid":{"rendered":"http:\/\/www.tucomarca.com\/wordpress\/segunda\/?p=100924"},"modified":"2020-03-11T16:20:07","modified_gmt":"2020-03-11T14:20:07","slug":"sanitat-confirma-11-nous-casos-positius-de-coronavirus-a-la-comunitat-valenciana","status":"publish","type":"post","link":"https:\/\/tucomarca.whitekongsoftware.com\/ca\/sanitat-confirma-11-nous-casos-positius-de-coronavirus-a-la-comunitat-valenciana\/","title":{"rendered":"Sanitat confirma 11 nous casos positius de coronavirus a la Comunitat Valenciana"},"content":{"rendered":"\n<p class=\"wp-block-paragraph\">La consellera de Sanitat Universal i Salut P\u00fablica, Ana Barcel\u00f3, ha confirmat aquest mat\u00ed 11 nous casos de coronavirus a la Comunitat Valenciana des de l&#8217;\u00faltima actualitzaci\u00f3 realitzada al migdia de dimarts.<\/p>\n\n\n\n<p class=\"wp-block-paragraph\">Quatre d&#8217;aquests nous casos s&#8217;han registrat a la resid\u00e8ncia de la prov\u00edncia de Val\u00e8ncia, que se sumen als dotze dels quals es va adonar aquest dimarts, de manera que en total hi ha 16 casos positius en aquest centre.<\/p>\n\n\n\n<p class=\"wp-block-paragraph\">Aix\u00ed mateix, a la prov\u00edncia de Val\u00e8ncia s&#8217;han detectat cinc casos m\u00e9s. Un d&#8217;ells \u00e9s un menor, el cas \u00e9s importat, que presenta simptomatologia lleu i es recupera al seu domicili. El segon dels casos \u00e9s el d&#8217;una dona, professional sanit\u00e0ria, que presenta simptomatologia lleu, es troba en el seu domicili i el cas \u00e9s tamb\u00e9 importat.<\/p>\n\n\n\n<p class=\"wp-block-paragraph\">El tercer afectat \u00e9s un home que t\u00e9 pneum\u00f2nia, el seu estat no \u00e9s greu encara que roman ingressat perqu\u00e8 compleix els criteris d&#8217;ingr\u00e9s. A m\u00e9s, una dona que ha donat positiu \u00e9s un cas importat i roman al seu domicili. L&#8217;\u00faltim positiu \u00e9s un home que es recupera al seu domicili i \u00e9s un cas secundari, contacte d&#8217;un positiu anterior.<\/p>\n\n\n\n<p class=\"wp-block-paragraph\">A m\u00e9s, a la prov\u00edncia d&#8217;Alacant s&#8217;han registrat dos casos: es tracta d&#8217;un home i una dona, contactes d&#8217;un positiu anterior. Tots dos tenen pneum\u00f2nia i estan ingressats perqu\u00e8 compleixen els criteris indicats per a aix\u00f2.<\/p>\n\n\n\n<p class=\"wp-block-paragraph\">Per tant, en aquest moment a la Comunitat Valenciana hi ha 74 casos actius: 3 a la prov\u00edncia de Castell\u00f3, 51 a la de Val\u00e8ncia i 20 a la prov\u00edncia d&#8217;Alacant.<\/p>\n\n\n\n<p class=\"wp-block-paragraph\">De tots aquests casos, 21 es troben ingressats i 37 es recuperen al seu domicili, mentre que els 16 casos positius de la resid\u00e8ncia de gent gran es troben al centre.<\/p>\n\n\n\n<p class=\"wp-block-paragraph\">La consellera ha manifestat tamb\u00e9 que 69 professionals sanitaris es troben en a\u00efllament preventiu.<\/p>\n\n\n\n<p class=\"wp-block-paragraph\">Fins al moment s&#8217;han realitzat un total de 1.626 proves amb resultat negatiu, i el tel\u00e8fon 900 300 555 ha at\u00e8s gaireb\u00e9 9.900 trucades des de la seva posada en marxa. De totes elles, m\u00e9s de l&#8217;20% sol\u00b7licita informaci\u00f3 general i nom\u00e9s el 13% correspon a persones que presenten s\u00edmptomes compatibles amb la malaltia i compleixen criteris cl\u00ednics.<\/p>\n\n\n\n<p class=\"wp-block-paragraph\"><strong>Mesures extraordin\u00e0ries<\/strong><\/p>\n\n\n\n<p class=\"wp-block-paragraph\">La consellera de Sanitat ha informat de dues resolucions que ha em\u00e8s seguint les recomanacions de l&#8217;Ministeri de Sanitat i que seran notificades a totes les parts. Una d&#8217;elles es refereix a la suspensi\u00f3 de les Falles de Val\u00e8ncia i de la Magdalena de Castell\u00f3.<\/p>\n\n\n\n<p class=\"wp-block-paragraph\">Aquesta mesura suposa l&#8217;ajornament de tot tipus d&#8217;activitats d&#8217;alta concurr\u00e8ncia com la plant\u00e0, mascletades, castells de focs artificials, ofrenes, processons, desfilades i cercaviles, carpes, concerts i revetlles i festejos taurins.<\/p>\n\n\n\n<p class=\"wp-block-paragraph\">La segona resoluci\u00f3 es refereix a les competicions o partits de car\u00e0cter professional que no podran celebrar-se en l&#8217;\u00e0mbit territorial de la Comunitat Valenciana m\u00e9s que a porta tancada i sense assist\u00e8ncia de p\u00fablic fins a nova resoluci\u00f3.<\/p>\n","protected":false},"excerpt":{"rendered":"<div class=\"mh-excerpt\">La consellera de Sanitat Universal i Salut P\u00fablica, Ana Barcel\u00f3, ha confirmat aquest mat\u00ed 11 nous casos de coronavirus a la Comunitat Valenciana des de l&#8217;\u00faltima actualitzaci\u00f3 realitzada al migdia de dimarts. Quatre d&#8217;aquests nous <a class=\"mh-excerpt-more\" href=\"https:\/\/tucomarca.whitekongsoftware.com\/ca\/sanitat-confirma-11-nous-casos-positius-de-coronavirus-a-la-comunitat-valenciana\/\" title=\"Sanitat confirma 11 nous casos positius de coronavirus a la Comunitat Valenciana\">[+] <\/a><\/div>\n","protected":false},"author":1,"featured_media":100922,"comment_status":"open","ping_status":"open","sticky":false,"template":"","format":"standard","meta":{"footnotes":""},"categories":[10898,10948,10894,10904,10947,10896,10897],"tags":[11939,11937],"class_list":["post-100924","post","type-post","status-publish","format-standard","has-post-thumbnail","category-ventana-ca","category-infraestructuras-ca","category-la-comarca-ca","category-sin-categorizar-ca","category-politica","category-seccion-ca","category-sucesos-la-comarca-ca","tag-coronavirus-ca","tag-coronavirus"],"_links":{"self":[{"href":"https:\/\/tucomarca.whitekongsoftware.com\/ca\/wp-json\/wp\/v2\/posts\/100924","targetHints":{"allow":["GET"]}}],"collection":[{"href":"https:\/\/tucomarca.whitekongsoftware.com\/ca\/wp-json\/wp\/v2\/posts"}],"about":[{"href":"https:\/\/tucomarca.whitekongsoftware.com\/ca\/wp-json\/wp\/v2\/types\/post"}],"author":[{"embeddable":true,"href":"https:\/\/tucomarca.whitekongsoftware.com\/ca\/wp-json\/wp\/v2\/users\/1"}],"replies":[{"embeddable":true,"href":"https:\/\/tucomarca.whitekongsoftware.com\/ca\/wp-json\/wp\/v2\/comments?post=100924"}],"version-history":[{"count":0,"href":"https:\/\/tucomarca.whitekongsoftware.com\/ca\/wp-json\/wp\/v2\/posts\/100924\/revisions"}],"wp:featuredmedia":[{"embeddable":true,"href":"https:\/\/tucomarca.whitekongsoftware.com\/ca\/wp-json\/wp\/v2\/media\/100922"}],"wp:attachment":[{"href":"https:\/\/tucomarca.whitekongsoftware.com\/ca\/wp-json\/wp\/v2\/media?parent=100924"}],"wp:term":[{"taxonomy":"category","embeddable":true,"href":"https:\/\/tucomarca.whitekongsoftware.com\/ca\/wp-json\/wp\/v2\/categories?post=100924"},{"taxonomy":"post_tag","embeddable":true,"href":"https:\/\/tucomarca.whitekongsoftware.com\/ca\/wp-json\/wp\/v2\/tags?post=100924"}],"curies":[{"name":"wp","href":"https:\/\/api.w.org\/{rel}","templated":true}]}}