{"id":100885,"date":"2020-03-11T10:42:26","date_gmt":"2020-03-11T08:42:26","guid":{"rendered":"http:\/\/www.tucomarca.com\/wordpress\/segunda\/?p=100885"},"modified":"2020-03-11T10:42:27","modified_gmt":"2020-03-11T08:42:27","slug":"utiel-ajorna-les-seues-falles-dacord-a-les-instruccions-del-ministeri-de-sanitat-i-generalitat-davant-lalerta-del-coronavirus","status":"publish","type":"post","link":"https:\/\/tucomarca.whitekongsoftware.com\/ca\/utiel-ajorna-les-seues-falles-dacord-a-les-instruccions-del-ministeri-de-sanitat-i-generalitat-davant-lalerta-del-coronavirus\/","title":{"rendered":"Utiel ajorna les seues Falles d&#8217;acord a les instruccions del Ministeri de Sanitat i Generalitat davant l&#8217;alerta del coronavirus"},"content":{"rendered":"\n<p class=\"wp-block-paragraph\">Utiel ajorna la celebraci\u00f3 de les Falles d&#8217;acord a la decisi\u00f3 adoptada ahir pel Ministeri de Sanitat i la Generalitat Valenciana per raons de salut p\u00fablica davant l&#8217;emerg\u00e8ncia de l&#8217;coronavirus Covid-19.<\/p>\n\n\n\n<p class=\"wp-block-paragraph\">Ahir el president de la Generalitat, Ximo Puig, anunciava l&#8217;ajornament de les festes de les Falles en tota la Comunitat Valenciana fins que la situaci\u00f3 d&#8217;emerg\u00e8ncia sanit\u00e0ria provocada pel coronavirus permeti la seva celebraci\u00f3.<br>\nEl Consell posposa les Falles en tots els municipis de la Comunitat, entre ells Utiel, seguint les instruccions donades pel Ministeri de Sanitat basades en criteris cient\u00edfics, amb la premissa de protegir la salut de la ciutadania i de minimitzar riscos de contagi.<\/p>\n\n\n\n<p class=\"wp-block-paragraph\">Aquesta tarda es reunir\u00e0 la Junta Local Fallera per analitzar la programaci\u00f3 de les activitats falleres a Utiel despr\u00e9s de la comunicaci\u00f3 oficial d&#8217;aquest ajornament.<\/p>\n","protected":false},"excerpt":{"rendered":"<div class=\"mh-excerpt\">Utiel ajorna la celebraci\u00f3 de les Falles d&#8217;acord a la decisi\u00f3 adoptada ahir pel Ministeri de Sanitat i la Generalitat Valenciana per raons de salut p\u00fablica davant l&#8217;emerg\u00e8ncia de l&#8217;coronavirus Covid-19. Ahir el president de <a class=\"mh-excerpt-more\" href=\"https:\/\/tucomarca.whitekongsoftware.com\/ca\/utiel-ajorna-les-seues-falles-dacord-a-les-instruccions-del-ministeri-de-sanitat-i-generalitat-davant-lalerta-del-coronavirus\/\" title=\"Utiel ajorna les seues Falles d&#8217;acord a les instruccions del Ministeri de Sanitat i Generalitat davant l&#8217;alerta del coronavirus\">[+] <\/a><\/div>\n","protected":false},"author":1,"featured_media":100392,"comment_status":"open","ping_status":"open","sticky":false,"template":"","format":"standard","meta":{"footnotes":""},"categories":[10898,10948,10894,11004,11007,11008,10909,10896,10897,11059],"tags":[10387,10910],"class_list":["post-100885","post","type-post","status-publish","format-standard","has-post-thumbnail","category-ventana-ca","category-infraestructuras-ca","category-la-comarca-ca","category-la-semana-en-imagenes-ca","category-ocio-y-cultura-ca","category-pueblos-en-fiestas-ca","category-requena-utiel-ca","category-seccion-ca","category-sucesos-la-comarca-ca","category-utiel-ca","tag-requena-utiel","tag-requena-utiel-ca"],"_links":{"self":[{"href":"https:\/\/tucomarca.whitekongsoftware.com\/ca\/wp-json\/wp\/v2\/posts\/100885","targetHints":{"allow":["GET"]}}],"collection":[{"href":"https:\/\/tucomarca.whitekongsoftware.com\/ca\/wp-json\/wp\/v2\/posts"}],"about":[{"href":"https:\/\/tucomarca.whitekongsoftware.com\/ca\/wp-json\/wp\/v2\/types\/post"}],"author":[{"embeddable":true,"href":"https:\/\/tucomarca.whitekongsoftware.com\/ca\/wp-json\/wp\/v2\/users\/1"}],"replies":[{"embeddable":true,"href":"https:\/\/tucomarca.whitekongsoftware.com\/ca\/wp-json\/wp\/v2\/comments?post=100885"}],"version-history":[{"count":0,"href":"https:\/\/tucomarca.whitekongsoftware.com\/ca\/wp-json\/wp\/v2\/posts\/100885\/revisions"}],"wp:featuredmedia":[{"embeddable":true,"href":"https:\/\/tucomarca.whitekongsoftware.com\/ca\/wp-json\/wp\/v2\/media\/100392"}],"wp:attachment":[{"href":"https:\/\/tucomarca.whitekongsoftware.com\/ca\/wp-json\/wp\/v2\/media?parent=100885"}],"wp:term":[{"taxonomy":"category","embeddable":true,"href":"https:\/\/tucomarca.whitekongsoftware.com\/ca\/wp-json\/wp\/v2\/categories?post=100885"},{"taxonomy":"post_tag","embeddable":true,"href":"https:\/\/tucomarca.whitekongsoftware.com\/ca\/wp-json\/wp\/v2\/tags?post=100885"}],"curies":[{"name":"wp","href":"https:\/\/api.w.org\/{rel}","templated":true}]}}