{"id":100795,"date":"2020-03-10T13:12:41","date_gmt":"2020-03-10T11:12:41","guid":{"rendered":"http:\/\/www.tucomarca.com\/wordpress\/segunda\/?p=100795"},"modified":"2020-03-10T13:12:43","modified_gmt":"2020-03-10T11:12:43","slug":"utiel-rep-el-reconeixement-deficiencia-energetica-de-el-projecte-europeu-sherpa","status":"publish","type":"post","link":"https:\/\/tucomarca.whitekongsoftware.com\/ca\/utiel-rep-el-reconeixement-deficiencia-energetica-de-el-projecte-europeu-sherpa\/","title":{"rendered":"Utiel rep el reconeixement d&#8217;efici\u00e8ncia energ\u00e8tica de el projecte europeu SHERPA"},"content":{"rendered":"\n<p class=\"wp-block-paragraph\">Ahir l&#8217;alcalde d&#8217;Utiel, Fernando Benlliure i la regidora d&#8217;Urbanisme i Serveis Generals, Elo\u00edsa Viana, recollien de mans de el conseller d&#8217;Habitatge i Arquitectura Bioclim\u00e0tica, Rub\u00e9n Mart\u00ednez Dalmau, el certificat d&#8217;efici\u00e8ncia energ\u00e8tica concedit a l&#8217;municipi d&#8217;Utiel per la seva participaci\u00f3 en el projecte SHERPA, incl\u00f2s en el programa europeu Interreg MED.<br> L&#8217;Ajuntament d&#8217;Utiel ha col\u00b7laborat i participat activament en el desenvolupament de les activitats pilot emmarcades en aquest projecte sobre sostenibilitat i efici\u00e8ncia energ\u00e8tica que forma part de el programa Interreg MED. Un programa de cooperaci\u00f3 transnacional de la Mediterr\u00e0nia neix amb l&#8217;objectiu primordial de promoure un creixement sostenible a la conca mediterr\u00e0nia, afavorint pr\u00e0ctiques i conceptes innovadors en diferents \u00e0mbits, entre ells el tecnol\u00f2gic i el mediambiental associats a l&#8217;optimitzaci\u00f3 energ\u00e8tica i la reducci\u00f3 d&#8217;emissions de carboni .<\/p>\n\n\n\n<p class=\"wp-block-paragraph\"><strong>Piscina Coberta d&#8217;Utiel: Qualificaci\u00f3 energ\u00e8tica A<\/strong><\/p>\n\n\n\n<p class=\"wp-block-paragraph\">Utiel ha estat un dels 8 municipis participants de la Comunitat Valenciana en aquest projecte d&#8217;innovaci\u00f3 energ\u00e8tica.<br> Aix\u00ed, l&#8217;Ajuntament d&#8217;Utiel ha format part de l&#8217;avaluaci\u00f3 d&#8217;edificis p\u00fablics amb el seguiment de l&#8217;estudi energ\u00e8tic de la piscina coberta municipal. Una instal\u00b7laci\u00f3 municipal que ha obtingut la qualificaci\u00f3 energ\u00e8tica A, nivell de major efici\u00e8ncia, tant en emissions com en consum d&#8217;energia.<br> En el resum global de l&#8217;an\u00e0lisi, l&#8217;informe detalla que la piscina \u00e9s un edifici modern dissenyat d&#8217;acord amb la normativa actual d&#8217;efici\u00e8ncia energ\u00e8tica en el qual destaquen la instal\u00b7laci\u00f3 d&#8217;un col\u00b7lector solar, font d&#8217;energia renovable, aix\u00ed com sistemes d&#8217;il\u00b7luminaci\u00f3 i climatitzaci\u00f3 eficient. Com a propostes de millora energ\u00e8tica, es planteja la producci\u00f3 d&#8217;un percentatge alt d&#8217;energia mitjan\u00e7ant c\u00e8l\u00b7lules fotovoltaiques ja que la piscina municipal compta amb una gran superf\u00edcie al sostre per treure rendiment a la llum solar.<\/p>\n\n\n\n<p class=\"wp-block-paragraph\"><strong>Projecte Sherpa: Avaluador energ\u00e8tic d&#8217;edificis p\u00fablics<\/strong><\/p>\n\n\n\n<p class=\"wp-block-paragraph\">Sherpa \u00e9s un projecte de cooperaci\u00f3 transnacional de el Programa Interreg MED que sorgeix de la necessitat d&#8217;arribar a la descarbonitzaci\u00f3 de el sector de l&#8217;edificaci\u00f3 amb l&#8217;objectiu de refor\u00e7ar les capacitats de les administracions p\u00fabliques a nivell regional i local en els territoris abastats pel projecte.<br> El seu objectiu \u00e9s millorar l&#8217;efici\u00e8ncia energ\u00e8tica en els edificis p\u00fablics i abordar les dificultats relacionades amb els projectes de renovaci\u00f3 energ\u00e8tica d&#8217;edificis a la zona de la Mediterr\u00e0nia.<br> Una de les principals fites de el projecte ha estat avaluar energ\u00e8ticament 200 edificis p\u00fablics per proposar mesures de millora energ\u00e8tica m\u00e9s rendibles a l&#8217;hora de desenvolupar projectes de renovaci\u00f3 energ\u00e8tica en edificis p\u00fablics.<br> En concret, a la Comunitat Valenciana s&#8217;han estudiat 26 edificis municipals (hospitals, col\u00b7legis, oficines, centres culturals i esportius \u2026) i Utiel ha estat incl\u00f2s favorablement en l&#8217;informe despr\u00e9s de l&#8217;an\u00e0lisi energ\u00e8tic de la Piscina Coberta Municipal.<br> El projecte SHERPA, de qu\u00e8 la Conselleria d&#8217;Habitatge i l&#8217;Institut Valenci\u00e0 de l&#8217;Edificaci\u00f3 (IVE) s\u00f3n socis, est\u00e0 finan\u00e7at amb Fons Europeus de Desenvolupament Regional, a trav\u00e9s del Programa de cooperaci\u00f3 mediterr\u00e0nia Interreg MED que agrupa regions de 13 pa\u00efsos, entre elles la Comunitat Valenciana.<\/p>\n","protected":false},"excerpt":{"rendered":"<div class=\"mh-excerpt\">Ahir l&#8217;alcalde d&#8217;Utiel, Fernando Benlliure i la regidora d&#8217;Urbanisme i Serveis Generals, Elo\u00edsa Viana, recollien de mans de el conseller d&#8217;Habitatge i Arquitectura Bioclim\u00e0tica, Rub\u00e9n Mart\u00ednez Dalmau, el certificat d&#8217;efici\u00e8ncia energ\u00e8tica concedit a l&#8217;municipi d&#8217;Utiel <a class=\"mh-excerpt-more\" href=\"https:\/\/tucomarca.whitekongsoftware.com\/ca\/utiel-rep-el-reconeixement-deficiencia-energetica-de-el-projecte-europeu-sherpa\/\" title=\"Utiel rep el reconeixement d&#8217;efici\u00e8ncia energ\u00e8tica de el projecte europeu SHERPA\">[+] <\/a><\/div>\n","protected":false},"author":1,"featured_media":100793,"comment_status":"open","ping_status":"open","sticky":false,"template":"","format":"standard","meta":{"footnotes":""},"categories":[10948,10894,10903,10947,10909,10896,11059],"tags":[10910,10387],"class_list":["post-100795","post","type-post","status-publish","format-standard","has-post-thumbnail","category-infraestructuras-ca","category-la-comarca-ca","category-medio-ambiente-la-comarca-ca","category-politica","category-requena-utiel-ca","category-seccion-ca","category-utiel-ca","tag-requena-utiel-ca","tag-requena-utiel"],"_links":{"self":[{"href":"https:\/\/tucomarca.whitekongsoftware.com\/ca\/wp-json\/wp\/v2\/posts\/100795","targetHints":{"allow":["GET"]}}],"collection":[{"href":"https:\/\/tucomarca.whitekongsoftware.com\/ca\/wp-json\/wp\/v2\/posts"}],"about":[{"href":"https:\/\/tucomarca.whitekongsoftware.com\/ca\/wp-json\/wp\/v2\/types\/post"}],"author":[{"embeddable":true,"href":"https:\/\/tucomarca.whitekongsoftware.com\/ca\/wp-json\/wp\/v2\/users\/1"}],"replies":[{"embeddable":true,"href":"https:\/\/tucomarca.whitekongsoftware.com\/ca\/wp-json\/wp\/v2\/comments?post=100795"}],"version-history":[{"count":0,"href":"https:\/\/tucomarca.whitekongsoftware.com\/ca\/wp-json\/wp\/v2\/posts\/100795\/revisions"}],"wp:featuredmedia":[{"embeddable":true,"href":"https:\/\/tucomarca.whitekongsoftware.com\/ca\/wp-json\/wp\/v2\/media\/100793"}],"wp:attachment":[{"href":"https:\/\/tucomarca.whitekongsoftware.com\/ca\/wp-json\/wp\/v2\/media?parent=100795"}],"wp:term":[{"taxonomy":"category","embeddable":true,"href":"https:\/\/tucomarca.whitekongsoftware.com\/ca\/wp-json\/wp\/v2\/categories?post=100795"},{"taxonomy":"post_tag","embeddable":true,"href":"https:\/\/tucomarca.whitekongsoftware.com\/ca\/wp-json\/wp\/v2\/tags?post=100795"}],"curies":[{"name":"wp","href":"https:\/\/api.w.org\/{rel}","templated":true}]}}