{"id":100781,"date":"2020-03-10T11:17:33","date_gmt":"2020-03-10T09:17:33","guid":{"rendered":"http:\/\/www.tucomarca.com\/wordpress\/segunda\/?p=100781"},"modified":"2020-03-10T11:17:35","modified_gmt":"2020-03-10T09:17:35","slug":"puig-i-oltra-destaquen-el-protagonisme-de-el-projecte-hilando-vidas-a-la-reivindicacio-duna-vida-digna-per-a-les-dones-que-viuen-en-entorns-rurals","status":"publish","type":"post","link":"https:\/\/tucomarca.whitekongsoftware.com\/ca\/puig-i-oltra-destaquen-el-protagonisme-de-el-projecte-hilando-vidas-a-la-reivindicacio-duna-vida-digna-per-a-les-dones-que-viuen-en-entorns-rurals\/","title":{"rendered":"Puig i Oltra destaquen el protagonisme de el projecte &#8216;Hilando Vidas&#8217; a la reivindicaci\u00f3 d&#8217;una vida digna per a les dones que viuen en entorns rurals"},"content":{"rendered":"\n<p class=\"wp-block-paragraph\">El president de la Generalitat, Ximo Puig, i la vicepresidenta i consellera d&#8217;Igualtat i Pol\u00edtiques Inclusives, M\u00f3nica Oltra, han destacat el protagonisme de el projecte &#8216;Filant Vides&#8217; a la reivindicaci\u00f3 d&#8217;una vida digna per a les dones que viuen en entorns rurals.<\/p>\n\n\n\n<p class=\"wp-block-paragraph\">El president ha participat, juntament amb la vicepresidenta, en l&#8217;acte organitzat amb motiu de la ruta art\u00edstica &#8216;Sororidad Serran\u00eda&#8217; creada per l&#8217;associaci\u00f3 de dones Filant Vides pel 8 de mar\u00e7 i que ha perm\u00e8s cobrir amb dissenys art\u00edstics les fa\u00e7anes d&#8217;edificis emblem\u00e0tics de Val\u00e8ncia amb motiu del Dia Internacional de les Dones.<\/p>\n\n\n\n<p class=\"wp-block-paragraph\">Tots dos han donat suport al projecte &#8216;Filant Vides&#8217;, que, tal com han subratllat, ha convertit la Serran\u00eda en un referent feminista i que, des d&#8217;una visi\u00f3 art\u00edstica, permet resignificar el valor expressiu d&#8217;un treball tradicional de les dones, considerat com un art menor, com \u00e9s el de teixir.<\/p>\n\n\n\n<p class=\"wp-block-paragraph\">Aquesta iniciativa forma part d&#8217;el projecte &#8216;Filant vides&#8217; nascut el 2015 a Alcublas i que compta ja amb la implicaci\u00f3 de 650 dones de municipis de la comarca.<\/p>\n\n\n\n<p class=\"wp-block-paragraph\">L&#8217;associaci\u00f3 d&#8217;art col\u00b7laboratiu n\u00e9ixer fa 4 anys a Alcublas. Despr\u00e9s de 3 edicions d&#8217;art urb\u00e0 per dignificar i fer visible el paper de la dona rural, va posar en marxa un gran projecte col\u00b7lectiu en tota la comarca, &#8216;Sororidad Serran\u00eda&#8217;.<\/p>\n\n\n\n<p class=\"wp-block-paragraph\">Durant un any 650 dones dels municipis de la comarca han teixit una obra de gran format. Nombrosos hex\u00e0gons teixits en llana cobreixen les fa\u00e7anes d&#8217;edificis emblem\u00e0tics de la ciutat de Val\u00e8ncia simbolitzant bresques d&#8217;abelles, exemple de treball en equip. Les peces estan fetes a m\u00e0 per a la seva elaboraci\u00f3 s&#8217;han utilitzat 1,5 milions de metres de llana.<\/p>\n\n\n\n<p class=\"wp-block-paragraph\">La gamma de colors intercala els colors muntanya i flor d&#8217;ametller, representatius de la Regi\u00f3 muntanyenca, amb el color foc i color mar mediterrani, s\u00edmbols de la ciutat de Val\u00e8ncia.<\/p>\n\n\n\n<p class=\"wp-block-paragraph\">El projecte &#8216;Sororidad Serran\u00eda&#8217; ha rebut el Premi Celia Amor\u00f3s 2019 de la Diputaci\u00f3 de Val\u00e8ncia per &#8220;el gran entramat social que ha creat a la comarca&#8221;.<\/p>\n","protected":false},"excerpt":{"rendered":"<div class=\"mh-excerpt\">El president de la Generalitat, Ximo Puig, i la vicepresidenta i consellera d&#8217;Igualtat i Pol\u00edtiques Inclusives, M\u00f3nica Oltra, han destacat el protagonisme de el projecte &#8216;Filant Vides&#8217; a la reivindicaci\u00f3 d&#8217;una vida digna per a <a class=\"mh-excerpt-more\" href=\"https:\/\/tucomarca.whitekongsoftware.com\/ca\/puig-i-oltra-destaquen-el-protagonisme-de-el-projecte-hilando-vidas-a-la-reivindicacio-duna-vida-digna-per-a-les-dones-que-viuen-en-entorns-rurals\/\" title=\"Puig i Oltra destaquen el protagonisme de el projecte &#8216;Hilando Vidas&#8217; a la reivindicaci\u00f3 d&#8217;una vida digna per a les dones que viuen en entorns rurals\">[+] <\/a><\/div>\n","protected":false},"author":1,"featured_media":100779,"comment_status":"open","ping_status":"open","sticky":false,"template":"","format":"standard","meta":{"footnotes":""},"categories":[11045,11046,10898,10948,10894,10904,11007,10947,10896],"tags":[10400],"class_list":["post-100781","post","type-post","status-publish","format-standard","has-post-thumbnail","category-alcublas-ca","category-los-serranos-ca","category-ventana-ca","category-infraestructuras-ca","category-la-comarca-ca","category-sin-categorizar-ca","category-ocio-y-cultura-ca","category-politica","category-seccion-ca","tag-los-serranos"],"_links":{"self":[{"href":"https:\/\/tucomarca.whitekongsoftware.com\/ca\/wp-json\/wp\/v2\/posts\/100781","targetHints":{"allow":["GET"]}}],"collection":[{"href":"https:\/\/tucomarca.whitekongsoftware.com\/ca\/wp-json\/wp\/v2\/posts"}],"about":[{"href":"https:\/\/tucomarca.whitekongsoftware.com\/ca\/wp-json\/wp\/v2\/types\/post"}],"author":[{"embeddable":true,"href":"https:\/\/tucomarca.whitekongsoftware.com\/ca\/wp-json\/wp\/v2\/users\/1"}],"replies":[{"embeddable":true,"href":"https:\/\/tucomarca.whitekongsoftware.com\/ca\/wp-json\/wp\/v2\/comments?post=100781"}],"version-history":[{"count":0,"href":"https:\/\/tucomarca.whitekongsoftware.com\/ca\/wp-json\/wp\/v2\/posts\/100781\/revisions"}],"wp:featuredmedia":[{"embeddable":true,"href":"https:\/\/tucomarca.whitekongsoftware.com\/ca\/wp-json\/wp\/v2\/media\/100779"}],"wp:attachment":[{"href":"https:\/\/tucomarca.whitekongsoftware.com\/ca\/wp-json\/wp\/v2\/media?parent=100781"}],"wp:term":[{"taxonomy":"category","embeddable":true,"href":"https:\/\/tucomarca.whitekongsoftware.com\/ca\/wp-json\/wp\/v2\/categories?post=100781"},{"taxonomy":"post_tag","embeddable":true,"href":"https:\/\/tucomarca.whitekongsoftware.com\/ca\/wp-json\/wp\/v2\/tags?post=100781"}],"curies":[{"name":"wp","href":"https:\/\/api.w.org\/{rel}","templated":true}]}}