{"id":100774,"date":"2020-03-09T21:42:33","date_gmt":"2020-03-09T19:42:33","guid":{"rendered":"http:\/\/www.tucomarca.com\/wordpress\/segunda\/?p=100774"},"modified":"2020-03-09T21:42:36","modified_gmt":"2020-03-09T19:42:36","slug":"la-policia-local-dutiel-sadhereix-a-la-campanya-de-la-dgt-sobre-cinturo-de-seguretat-i-cadiretes-infantils","status":"publish","type":"post","link":"https:\/\/tucomarca.whitekongsoftware.com\/ca\/la-policia-local-dutiel-sadhereix-a-la-campanya-de-la-dgt-sobre-cinturo-de-seguretat-i-cadiretes-infantils\/","title":{"rendered":"La Policia Local d&#8217;Utiel s&#8217;adhereix a la campanya de la DGT sobre cintur\u00f3 de seguretat i cadiretes infantils"},"content":{"rendered":"\n<p class=\"wp-block-paragraph\">La Policia Local d&#8217;Utiel ha iniciat aquest mat\u00ed la campanya de vigil\u00e0ncia de la Direcci\u00f3 General de Tr\u00e0nsit (DGT) sobre l&#8217;\u00fas de l&#8217;Cintur\u00f3 de Seguretat i dels sistemes de retenci\u00f3 infantil (SRI) que es prolongar\u00e0 fins al proper diumenge 15 de mar\u00e7.<br>\nDurant tota aquesta setmana, els agents de la Policia Local d&#8217;Utiel duran a terme controls aleatoris en diferents punts urbans per vigilar que totes les persones que viatgen amb vehicles portin el cintur\u00f3 de seguretat correctament cordat i que els menors vagin amb el sistema de retenci\u00f3 infantil adequat a la seva talla i pes.<br>\nUna campanya especial de conscienciaci\u00f3 que es posa en marxa per transmetre l&#8217;efic\u00e0cia que tenen aquests sistemes de retenci\u00f3 i l&#8217;obligatorietat, efectivitat i necessitat del seu \u00fas.<br>\nCintur\u00f3 i Cadiretes: Dispositius salvavides<br>\nL&#8217;\u00fas de el cintur\u00f3 de seguretat i dels sistemes de retenci\u00f3 infantil (SRI) \u00e9s obligatori en qualsevol trajecte curt o llarg, urb\u00e0 i interurb\u00e0 i, per tant, tots els ocupants d&#8217;un vehicle han d&#8217;anar subjectes amb el seu sistema de retenci\u00f3 adequat, a excepci\u00f3 d&#8217;aquells casos recollits en el Reglament General de Circulaci\u00f3 com a exempts d&#8217;\u00fas.<br>\nEl cintur\u00f3 de seguretat salva vides, siguin conductors o passatgers i tamb\u00e9 evita moltes de les conseq\u00fc\u00e8ncies que porta associat un accident. De fet, la DGT remarca que el cintur\u00f3 de seguretat \u00e9s l&#8217;element de seguretat passiva m\u00e9s efica\u00e7 dels vehicles i el que m\u00e9s vides ha salvat, reduint a la meitat el risc de mort en cas d&#8217;accident.<br>\nPel que fa als sistemes de retenci\u00f3 infantil, la DGT recorda l&#8217;obligatorietat del seu \u00fas per als menors d&#8217;edat d&#8217;al\u00e7ada igual o inferior a 135 cent\u00edmetres, aix\u00ed com l&#8217;elecci\u00f3 de models homologats, ja que s\u00f3n indispensables per minimitzar els riscos de lesi\u00f3 en cas d&#8217;accident.<br>\nLes cadiretes estan dissenyades per protegir els nadons i els infants en cas de col\u00b7lisi\u00f3, parada brusca, maniobra d&#8217;evasi\u00f3 o obertura de porta quan el vehicle est\u00e0 en moviment. Un nen sense subjecci\u00f3 multiplica per 5 les possibilitats de patir lesions mortals o greus.<br>\nMultes de 200 \u20ac i 3 punts de l&#8217;carnet<br>\nNo utilitzar el cintur\u00f3 de seguretat o el sistema de retenci\u00f3 infantil \u00e9s considerada una falta greu, i, per tant, comporta una multa de 200 \u20ac i la detracci\u00f3 de 3 punts de l&#8217;perm\u00eds de conduir, en cas de ser el conductor la persona que estigui realitzant la infracci\u00f3. En el cas de ser l&#8217;ocupant el que no porti el cintur\u00f3, la responsabilitat recau sobre ell i no en el conductor.<br>\nEn els controls de sistemes de retenci\u00f3 infantil, el fet de no portar instal\u00b7lada la cadireta infantil suposar\u00e0 la immobilitzaci\u00f3 de vehicle.<\/p>\n\n\n\n<p class=\"wp-block-paragraph\">Fins diumenge que ve, 15 de mar\u00e7, la Policia Local d&#8217;Utiel establir\u00e0 diferents punts de control per vigilar que s&#8217;est\u00e0 fent un \u00fas correcte tant dels cinturons de seguretat com dels sistemes de retenci\u00f3 infantil.<\/p>\n","protected":false},"excerpt":{"rendered":"<div class=\"mh-excerpt\">La Policia Local d&#8217;Utiel ha iniciat aquest mat\u00ed la campanya de vigil\u00e0ncia de la Direcci\u00f3 General de Tr\u00e0nsit (DGT) sobre l&#8217;\u00fas de l&#8217;Cintur\u00f3 de Seguretat i dels sistemes de retenci\u00f3 infantil (SRI) que es prolongar\u00e0 <a class=\"mh-excerpt-more\" href=\"https:\/\/tucomarca.whitekongsoftware.com\/ca\/la-policia-local-dutiel-sadhereix-a-la-campanya-de-la-dgt-sobre-cinturo-de-seguretat-i-cadiretes-infantils\/\" title=\"La Policia Local d&#8217;Utiel s&#8217;adhereix a la campanya de la DGT sobre cintur\u00f3 de seguretat i cadiretes infantils\">[+] <\/a><\/div>\n","protected":false},"author":1,"featured_media":100772,"comment_status":"open","ping_status":"open","sticky":false,"template":"","format":"standard","meta":{"footnotes":""},"categories":[10898,10948,10894,10909,10896,10897,11059],"tags":[10910,10387],"class_list":["post-100774","post","type-post","status-publish","format-standard","has-post-thumbnail","category-ventana-ca","category-infraestructuras-ca","category-la-comarca-ca","category-requena-utiel-ca","category-seccion-ca","category-sucesos-la-comarca-ca","category-utiel-ca","tag-requena-utiel-ca","tag-requena-utiel"],"_links":{"self":[{"href":"https:\/\/tucomarca.whitekongsoftware.com\/ca\/wp-json\/wp\/v2\/posts\/100774","targetHints":{"allow":["GET"]}}],"collection":[{"href":"https:\/\/tucomarca.whitekongsoftware.com\/ca\/wp-json\/wp\/v2\/posts"}],"about":[{"href":"https:\/\/tucomarca.whitekongsoftware.com\/ca\/wp-json\/wp\/v2\/types\/post"}],"author":[{"embeddable":true,"href":"https:\/\/tucomarca.whitekongsoftware.com\/ca\/wp-json\/wp\/v2\/users\/1"}],"replies":[{"embeddable":true,"href":"https:\/\/tucomarca.whitekongsoftware.com\/ca\/wp-json\/wp\/v2\/comments?post=100774"}],"version-history":[{"count":0,"href":"https:\/\/tucomarca.whitekongsoftware.com\/ca\/wp-json\/wp\/v2\/posts\/100774\/revisions"}],"wp:featuredmedia":[{"embeddable":true,"href":"https:\/\/tucomarca.whitekongsoftware.com\/ca\/wp-json\/wp\/v2\/media\/100772"}],"wp:attachment":[{"href":"https:\/\/tucomarca.whitekongsoftware.com\/ca\/wp-json\/wp\/v2\/media?parent=100774"}],"wp:term":[{"taxonomy":"category","embeddable":true,"href":"https:\/\/tucomarca.whitekongsoftware.com\/ca\/wp-json\/wp\/v2\/categories?post=100774"},{"taxonomy":"post_tag","embeddable":true,"href":"https:\/\/tucomarca.whitekongsoftware.com\/ca\/wp-json\/wp\/v2\/tags?post=100774"}],"curies":[{"name":"wp","href":"https:\/\/api.w.org\/{rel}","templated":true}]}}