{"id":100767,"date":"2020-03-09T21:47:03","date_gmt":"2020-03-09T19:47:03","guid":{"rendered":"http:\/\/www.tucomarca.com\/wordpress\/segunda\/?p=100767"},"modified":"2020-03-09T21:47:06","modified_gmt":"2020-03-09T19:47:06","slug":"la-generalitat-estableix-una-estructura-per-analitzar-regularment-lescenari-i-coordinar-lactuacio-conjunta-dels-departaments-de-el-consell-contra-el-coronavirus","status":"publish","type":"post","link":"https:\/\/tucomarca.whitekongsoftware.com\/ca\/la-generalitat-estableix-una-estructura-per-analitzar-regularment-lescenari-i-coordinar-lactuacio-conjunta-dels-departaments-de-el-consell-contra-el-coronavirus\/","title":{"rendered":"La Generalitat estableix una estructura per analitzar regularment l&#8217;escenari i coordinar l&#8217;actuaci\u00f3 conjunta dels departaments de el Consell contra el coronavirus"},"content":{"rendered":"\n<p class=\"wp-block-paragraph\">El president de la Generalitat, Ximo Puig, ha presidit aquesta tarda la constituci\u00f3 i primera reuni\u00f3 de la Taula Interdepartamental per a la prevenci\u00f3 i actuaci\u00f3 davant de l&#8217;coronavirus, l&#8217;objectiu \u00e9s l&#8217;an\u00e0lisi de la informaci\u00f3, la coordinaci\u00f3 i el seguiment de les actuacions que corresponen a la Generalitat, en el marc de el Sistema Nacional d&#8217;Alerta Preco\u00e7 i Resposta R\u00e0pida (SICAS).<\/p>\n\n\n\n<p class=\"wp-block-paragraph\">Amb aquest \u00f2rgan la Generalitat estableix una estructura per poder analitzar regularment l&#8217;escenari davant d&#8217;aquesta alerta sanit\u00e0ria mundial i per coordinar l&#8217;actuaci\u00f3 conjunta dels departaments de el Consell m\u00e9s directament implicats per l&#8217;aparici\u00f3 i el desenvolupament de la malaltia, i pels seus efectes.<\/p>\n\n\n\n<p class=\"wp-block-paragraph\">A la reuni\u00f3 han assistit la vicepresidenta i consellera d&#8217;Igualtat, M\u00f2nica Oltra; el vicepresident segon i conseller d&#8217;Habitatge, Rub\u00e9n Mart\u00ednez Dalmau; la consellera de Just\u00edcia, Gabriela Bravo; el conseller d&#8217;Educaci\u00f3, Vicent Marz\u00e0; la consellera de Sanitat Universal, Ana Barcel\u00f3; el conseller d&#8217;Economia Sostenible, Rafa Climent, i el conseller de Pol\u00edtica Territorial, Arcadi Espanya, aix\u00ed com els secretaris auton\u00f2mics de Promoci\u00f3 Institucional, Alfred Boix; de Turisme, Francesc Colomer, i de Salut P\u00fablica, Isaura Navarro.<\/p>\n","protected":false},"excerpt":{"rendered":"<div class=\"mh-excerpt\">El president de la Generalitat, Ximo Puig, ha presidit aquesta tarda la constituci\u00f3 i primera reuni\u00f3 de la Taula Interdepartamental per a la prevenci\u00f3 i actuaci\u00f3 davant de l&#8217;coronavirus, l&#8217;objectiu \u00e9s l&#8217;an\u00e0lisi de la informaci\u00f3, <a class=\"mh-excerpt-more\" href=\"https:\/\/tucomarca.whitekongsoftware.com\/ca\/la-generalitat-estableix-una-estructura-per-analitzar-regularment-lescenari-i-coordinar-lactuacio-conjunta-dels-departaments-de-el-consell-contra-el-coronavirus\/\" title=\"La Generalitat estableix una estructura per analitzar regularment l&#8217;escenari i coordinar l&#8217;actuaci\u00f3 conjunta dels departaments de el Consell contra el coronavirus\">[+] <\/a><\/div>\n","protected":false},"author":1,"featured_media":100766,"comment_status":"open","ping_status":"open","sticky":false,"template":"","format":"standard","meta":{"footnotes":""},"categories":[10898,10948,10894,10904,10947,10896,10897],"tags":[11937],"class_list":["post-100767","post","type-post","status-publish","format-standard","has-post-thumbnail","category-ventana-ca","category-infraestructuras-ca","category-la-comarca-ca","category-sin-categorizar-ca","category-politica","category-seccion-ca","category-sucesos-la-comarca-ca","tag-coronavirus"],"_links":{"self":[{"href":"https:\/\/tucomarca.whitekongsoftware.com\/ca\/wp-json\/wp\/v2\/posts\/100767","targetHints":{"allow":["GET"]}}],"collection":[{"href":"https:\/\/tucomarca.whitekongsoftware.com\/ca\/wp-json\/wp\/v2\/posts"}],"about":[{"href":"https:\/\/tucomarca.whitekongsoftware.com\/ca\/wp-json\/wp\/v2\/types\/post"}],"author":[{"embeddable":true,"href":"https:\/\/tucomarca.whitekongsoftware.com\/ca\/wp-json\/wp\/v2\/users\/1"}],"replies":[{"embeddable":true,"href":"https:\/\/tucomarca.whitekongsoftware.com\/ca\/wp-json\/wp\/v2\/comments?post=100767"}],"version-history":[{"count":0,"href":"https:\/\/tucomarca.whitekongsoftware.com\/ca\/wp-json\/wp\/v2\/posts\/100767\/revisions"}],"wp:featuredmedia":[{"embeddable":true,"href":"https:\/\/tucomarca.whitekongsoftware.com\/ca\/wp-json\/wp\/v2\/media\/100766"}],"wp:attachment":[{"href":"https:\/\/tucomarca.whitekongsoftware.com\/ca\/wp-json\/wp\/v2\/media?parent=100767"}],"wp:term":[{"taxonomy":"category","embeddable":true,"href":"https:\/\/tucomarca.whitekongsoftware.com\/ca\/wp-json\/wp\/v2\/categories?post=100767"},{"taxonomy":"post_tag","embeddable":true,"href":"https:\/\/tucomarca.whitekongsoftware.com\/ca\/wp-json\/wp\/v2\/tags?post=100767"}],"curies":[{"name":"wp","href":"https:\/\/api.w.org\/{rel}","templated":true}]}}