{"id":100744,"date":"2020-03-09T16:12:50","date_gmt":"2020-03-09T14:12:50","guid":{"rendered":"http:\/\/www.tucomarca.com\/wordpress\/segunda\/?p=100744"},"modified":"2020-03-09T16:19:51","modified_gmt":"2020-03-09T14:19:51","slug":"requena-sc-i-cd-bunyol-signen-unes-taules-per-la-minima-en-el-duel-al-cap-de-la-taula-1-1","status":"publish","type":"post","link":"https:\/\/tucomarca.whitekongsoftware.com\/ca\/requena-sc-i-cd-bunyol-signen-unes-taules-per-la-minima-en-el-duel-al-cap-de-la-taula-1-1\/","title":{"rendered":"SC Requena i CD Bunyol signen unes taules per la m\u00ednima en el duel al cap de la taula (1-1)"},"content":{"rendered":"\n<p class=\"wp-block-paragraph\">A l&#8217;igual que ja ocorregu\u00e9s en el partit de la primera ronda de la temporada al Beltr\u00e1n B\u00e1guena, el SC Requena i el CD Bunyol han signat un altre empat, en aquesta ocasi\u00f3 a un gol, en el duel al cap de la taula jugat ara al Tom\u00e0s Berlanga. <\/p>\n\n\n\n<p class=\"wp-block-paragraph\">El partit que ha acollit el camp requenense es va desenvolupar de tu a la teua entre dos equips que es coneixen des de fa anys i que es respecten dins i fora de la pista de joc. <\/p>\n\n\n\n<p class=\"wp-block-paragraph\">Els blancs van portar la batuta i van imposar el seu joc en la primera meitat de el partit, fruit de la qual cosa van aconseguir avan\u00e7ar-se al marcador per mediaci\u00f3 d&#8217;Albert al minut 32. Mentre que a la segona meitat les tornes van canviar i van ser els locals els que van imposar el seu ritme, aconseguint a les acaballes de el partit el premi a la seva const\u00e0ncia i esfor\u00e7: ja que en el minut 85 van aconseguir empatar el partit per mediaci\u00f3 de Dani Sabates.<\/p>\n\n\n\n<p class=\"wp-block-paragraph\">Despr\u00e9s d&#8217;aquest resultat, el CD Bunyol segueix conservant i refermat m\u00e9s encara el liderat al grup segon de la Regional Preferent a l&#8217;sumar de nou i situar-se en els 57 punts; seguit pel Torrent que ha sumat de 3 (i que compta amb 52); i de l&#8217;Sant Marcel\u00b7l\u00ed (49 punts) com tercer que aquest cap de setmana ha caigut contra l&#8217;Eliana. <\/p>\n\n\n\n<p class=\"wp-block-paragraph\">Per la seua banda, el SC Requena es mant\u00e9 en el lloc cinqu\u00e8 de la taula (45 punts) per sota de l&#8217;CD Utiel que \u00e9s quart amb 47 punts pel que s&#8217;acosta als llocs de privilegi. <\/p>\n\n\n\n<p class=\"wp-block-paragraph\">El proper cap de setmana el CD Bunyol rebr\u00e0 a l&#8217;UD Quart de Poblet; mentre que el SC Requena es despla\u00e7ar\u00e0 a el camp de l&#8217;Torre Levante Orriols.<\/p>\n","protected":false},"excerpt":{"rendered":"<div class=\"mh-excerpt\">A l&#8217;igual que ja ocorregu\u00e9s en el partit de la primera ronda de la temporada al Beltr\u00e1n B\u00e1guena, el SC Requena i el CD Bunyol han signat un altre empat, en aquesta ocasi\u00f3 a un <a class=\"mh-excerpt-more\" href=\"https:\/\/tucomarca.whitekongsoftware.com\/ca\/requena-sc-i-cd-bunyol-signen-unes-taules-per-la-minima-en-el-duel-al-cap-de-la-taula-1-1\/\" title=\"SC Requena i CD Bunyol signen unes taules per la m\u00ednima en el duel al cap de la taula (1-1)\">[+] <\/a><\/div>\n","protected":false},"author":1,"featured_media":94623,"comment_status":"open","ping_status":"open","sticky":false,"template":"","format":"standard","meta":{"footnotes":""},"categories":[10911,11015,11003,10898,10912,10908,10909,10896],"tags":[11074,10379,10661,11264],"class_list":["post-100744","post","type-post","status-publish","format-standard","has-post-thumbnail","category-bunol-ca","category-canal-futbol","category-sports","category-ventana-ca","category-la-hoya-ca","category-requena-ca","category-requena-utiel-ca","category-seccion-ca","tag-deportes-ca","tag-deportes","tag-esports","tag-esports-ca"],"_links":{"self":[{"href":"https:\/\/tucomarca.whitekongsoftware.com\/ca\/wp-json\/wp\/v2\/posts\/100744","targetHints":{"allow":["GET"]}}],"collection":[{"href":"https:\/\/tucomarca.whitekongsoftware.com\/ca\/wp-json\/wp\/v2\/posts"}],"about":[{"href":"https:\/\/tucomarca.whitekongsoftware.com\/ca\/wp-json\/wp\/v2\/types\/post"}],"author":[{"embeddable":true,"href":"https:\/\/tucomarca.whitekongsoftware.com\/ca\/wp-json\/wp\/v2\/users\/1"}],"replies":[{"embeddable":true,"href":"https:\/\/tucomarca.whitekongsoftware.com\/ca\/wp-json\/wp\/v2\/comments?post=100744"}],"version-history":[{"count":0,"href":"https:\/\/tucomarca.whitekongsoftware.com\/ca\/wp-json\/wp\/v2\/posts\/100744\/revisions"}],"wp:featuredmedia":[{"embeddable":true,"href":"https:\/\/tucomarca.whitekongsoftware.com\/ca\/wp-json\/wp\/v2\/media\/94623"}],"wp:attachment":[{"href":"https:\/\/tucomarca.whitekongsoftware.com\/ca\/wp-json\/wp\/v2\/media?parent=100744"}],"wp:term":[{"taxonomy":"category","embeddable":true,"href":"https:\/\/tucomarca.whitekongsoftware.com\/ca\/wp-json\/wp\/v2\/categories?post=100744"},{"taxonomy":"post_tag","embeddable":true,"href":"https:\/\/tucomarca.whitekongsoftware.com\/ca\/wp-json\/wp\/v2\/tags?post=100744"}],"curies":[{"name":"wp","href":"https:\/\/api.w.org\/{rel}","templated":true}]}}