{"id":100565,"date":"2020-03-06T13:19:31","date_gmt":"2020-03-06T11:19:31","guid":{"rendered":"http:\/\/www.tucomarca.com\/wordpress\/segunda\/?p=100565"},"modified":"2020-03-06T13:19:33","modified_gmt":"2020-03-06T11:19:33","slug":"filant-vides-inaugura-la-ruta-artistica-sororidad-serrania-amb-una-marxa-que-travessara-les-torres-de-serrans-de-valencia-per-donar-poder-a-la-dona-rural","status":"publish","type":"post","link":"https:\/\/tucomarca.whitekongsoftware.com\/ca\/filant-vides-inaugura-la-ruta-artistica-sororidad-serrania-amb-una-marxa-que-travessara-les-torres-de-serrans-de-valencia-per-donar-poder-a-la-dona-rural\/","title":{"rendered":"&#8220;Filant Vides&#8221; inaugura la ruta art\u00edstica &#8220;Sororidad Serrania&#8221; amb una marxa que travessar\u00e0 les Torres de Serrans de Val\u00e8ncia per donar poder a la dona rural"},"content":{"rendered":"\n<p class=\"wp-block-paragraph\">L&#8217;Associaci\u00f3 d&#8217;Art Col\u00b7laboratiu &#8220;Filant vides&#8221; convoca a les ve\u00efnes i ve\u00efns de la comarca valenciana dels Serrans ia totes les persones \/ col\u00b7lectius que vulguin posar en valor el paper de la dona rural a la societat en el pont de Serrans de Val\u00e8ncia el Dia Internacional de la Dona.<\/p>\n\n\n\n<p class=\"wp-block-paragraph\">Sota el lema &#8220;Dones rurales, dones visibles  (Sororitat Serrania)&#8221;, centenars de persones arribades en autobusos des dels 18 municipis de la Serran\u00eda entraran a Val\u00e8ncia a trav\u00e9s de les Torres de Serrans, porta hist\u00f2rica d&#8217;entrada de la comarca.<\/p>\n\n\n\n<p class=\"wp-block-paragraph\">La marxa recorrer\u00e0 la ruta art\u00edstica instal\u00b7lada en 8 edificis p\u00fablics de centre hist\u00f2ric. L&#8217;entrada &#8220;a la ciutat&#8221; per &#8220;la porta gran&#8221; de Val\u00e8ncia simbolitzar\u00e0 l&#8217;apoderament de la dona rural i la &#8220;toc d&#8217;atenci\u00f3&#8221; a la societat perqu\u00e8 els reconegui el seu valor.<\/p>\n\n\n\n<p class=\"wp-block-paragraph\">El col\u00b7lectiu ser\u00e0 rebut a la pla\u00e7a dels Furs (part del darrere de les Torres de Serrans) per una comitiva institucional que representar\u00e0 a totes les entitats col\u00b7laboradores amb la ruta (Generalitat Valenciana, Ajuntament de Val\u00e8ncia, Diputaci\u00f3 de Val\u00e8ncia, Conselleria d&#8217;Igualtat, Universitat de Val\u00e8ncia, Museu Valenci\u00e0 de la Il\u00b7lustraci\u00f3, Centre de l&#8217;Carme Cultura Contempor\u00e0nia).<\/p>\n\n\n\n<p class=\"wp-block-paragraph\">El recorregut de la marxa ser\u00e0 el seg\u00fcent: Pont de Serrans, Pla\u00e7a de la Crida, Pla\u00e7a dels Furs, Carrer Serrans, Pla\u00e7a Manises, Carrer Cavallers, Pla\u00e7a de la Verge, Carrer Comte Alod\u00f3var, Pla\u00e7a de Nules, Pla\u00e7a Cisneros, Carrer N\u00e1quera , Pla\u00e7a dels Furs.<\/p>\n","protected":false},"excerpt":{"rendered":"<div class=\"mh-excerpt\">L&#8217;Associaci\u00f3 d&#8217;Art Col\u00b7laboratiu &#8220;Filant vides&#8221; convoca a les ve\u00efnes i ve\u00efns de la comarca valenciana dels Serrans ia totes les persones \/ col\u00b7lectius que vulguin posar en valor el paper de la dona rural a <a class=\"mh-excerpt-more\" href=\"https:\/\/tucomarca.whitekongsoftware.com\/ca\/filant-vides-inaugura-la-ruta-artistica-sororidad-serrania-amb-una-marxa-que-travessara-les-torres-de-serrans-de-valencia-per-donar-poder-a-la-dona-rural\/\" title=\"&#8220;Filant Vides&#8221; inaugura la ruta art\u00edstica &#8220;Sororidad Serrania&#8221; amb una marxa que travessar\u00e0 les Torres de Serrans de Val\u00e8ncia per donar poder a la dona rural\">[+] <\/a><\/div>\n","protected":false},"author":1,"featured_media":99873,"comment_status":"open","ping_status":"open","sticky":false,"template":"","format":"standard","meta":{"footnotes":""},"categories":[11046,10898,10948,10894,10947,10896],"tags":[],"class_list":["post-100565","post","type-post","status-publish","format-standard","has-post-thumbnail","category-los-serranos-ca","category-ventana-ca","category-infraestructuras-ca","category-la-comarca-ca","category-politica","category-seccion-ca"],"_links":{"self":[{"href":"https:\/\/tucomarca.whitekongsoftware.com\/ca\/wp-json\/wp\/v2\/posts\/100565","targetHints":{"allow":["GET"]}}],"collection":[{"href":"https:\/\/tucomarca.whitekongsoftware.com\/ca\/wp-json\/wp\/v2\/posts"}],"about":[{"href":"https:\/\/tucomarca.whitekongsoftware.com\/ca\/wp-json\/wp\/v2\/types\/post"}],"author":[{"embeddable":true,"href":"https:\/\/tucomarca.whitekongsoftware.com\/ca\/wp-json\/wp\/v2\/users\/1"}],"replies":[{"embeddable":true,"href":"https:\/\/tucomarca.whitekongsoftware.com\/ca\/wp-json\/wp\/v2\/comments?post=100565"}],"version-history":[{"count":0,"href":"https:\/\/tucomarca.whitekongsoftware.com\/ca\/wp-json\/wp\/v2\/posts\/100565\/revisions"}],"wp:featuredmedia":[{"embeddable":true,"href":"https:\/\/tucomarca.whitekongsoftware.com\/ca\/wp-json\/wp\/v2\/media\/99873"}],"wp:attachment":[{"href":"https:\/\/tucomarca.whitekongsoftware.com\/ca\/wp-json\/wp\/v2\/media?parent=100565"}],"wp:term":[{"taxonomy":"category","embeddable":true,"href":"https:\/\/tucomarca.whitekongsoftware.com\/ca\/wp-json\/wp\/v2\/categories?post=100565"},{"taxonomy":"post_tag","embeddable":true,"href":"https:\/\/tucomarca.whitekongsoftware.com\/ca\/wp-json\/wp\/v2\/tags?post=100565"}],"curies":[{"name":"wp","href":"https:\/\/api.w.org\/{rel}","templated":true}]}}