{"id":100398,"date":"2020-03-03T14:46:49","date_gmt":"2020-03-03T12:46:49","guid":{"rendered":"http:\/\/www.tucomarca.com\/wordpress\/segunda\/?p=100398"},"modified":"2020-03-04T20:02:49","modified_gmt":"2020-03-04T18:02:49","slug":"lorena-navarro-fernandez-i-daniela-campillos-diaz-falleres-majors-dutiel-2020","status":"publish","type":"post","link":"https:\/\/tucomarca.whitekongsoftware.com\/ca\/lorena-navarro-fernandez-i-daniela-campillos-diaz-falleres-majors-dutiel-2020\/","title":{"rendered":"Lorena Navarro Fern\u00e1ndez i Daniela Campillos D\u00edaz, Falleres Majors d&#8217;Utiel 2020"},"content":{"rendered":"\n<p class=\"wp-block-paragraph\"><strong>Dissabte passat s&#8217;elegia a les representants de les Falles d&#8217;Utiel 2020<\/strong><\/p>\n\n\n\n<ul class=\"wp-block-gallery columns-1 is-cropped wp-block-gallery-1 is-layout-flex wp-block-gallery-is-layout-flex\"><li class=\"blocks-gallery-item\"><figure><img loading=\"lazy\" decoding=\"async\" width=\"787\" height=\"524\" src=\"http:\/\/www.tucomarca.com\/wordpress\/segunda\/wp-content\/uploads\/2020\/03\/FMUtiel2020.jpg\" alt=\"\" data-id=\"100393\" data-link=\"http:\/\/www.tucomarca.com\/wordpress\/segunda\/?attachment_id=100393\" class=\"wp-image-100393\" srcset=\"https:\/\/tucomarca.whitekongsoftware.com\/wp-content\/uploads\/2020\/03\/FMUtiel2020.jpg 787w, https:\/\/tucomarca.whitekongsoftware.com\/wp-content\/uploads\/2020\/03\/FMUtiel2020-300x200.jpg 300w, https:\/\/tucomarca.whitekongsoftware.com\/wp-content\/uploads\/2020\/03\/FMUtiel2020-768x511.jpg 768w\" sizes=\"auto, (max-width: 787px) 100vw, 787px\" \/><\/figure><\/li><li class=\"blocks-gallery-item\"><figure><img loading=\"lazy\" decoding=\"async\" width=\"787\" height=\"525\" src=\"http:\/\/www.tucomarca.com\/wordpress\/segunda\/wp-content\/uploads\/2020\/03\/FMI2020Utiel.jpg\" alt=\"\" data-id=\"100395\" data-link=\"http:\/\/www.tucomarca.com\/wordpress\/segunda\/?attachment_id=100395\" class=\"wp-image-100395\" srcset=\"https:\/\/tucomarca.whitekongsoftware.com\/wp-content\/uploads\/2020\/03\/FMI2020Utiel.jpg 787w, https:\/\/tucomarca.whitekongsoftware.com\/wp-content\/uploads\/2020\/03\/FMI2020Utiel-300x200.jpg 300w, https:\/\/tucomarca.whitekongsoftware.com\/wp-content\/uploads\/2020\/03\/FMI2020Utiel-768x512.jpg 768w\" sizes=\"auto, (max-width: 787px) 100vw, 787px\" \/><\/figure><\/li><\/ul>\n\n\n\n<p class=\"wp-block-paragraph\">Utiel ja t\u00e9 Falleres Majors per al proper exercici. El Teatre Rambal acollia dissabte passat l&#8217;acte d&#8217;elecci\u00f3 i proclamaci\u00f3 de les Falleres Majors d&#8217;Utiel 2020, resultant seleccionades la Srta. Lorena Navarro Fern\u00e1ndez de la Comissi\u00f3 de la Falla Pla\u00e7a de Sant Joan com a Fallera Major i la nena Daniela Campillos D\u00edaz, de la Comissi\u00f3 Infantil del Carrer del Remei com a Fallera Major Infantil d&#8217;Utiel 2020.<\/p>\n\n\n\n<p class=\"wp-block-paragraph\">Despr\u00e9s de l&#8217;elecci\u00f3, la Junta Local Fallera i les reines i presidents de les diferents comissions falleres van lliurar les recompenses a fallers i falleres per la seua traject\u00f2ria i vincle amb les festes de Sant Josep.<br> Pr\u00e8viament a l&#8217;acte d&#8217;elecci\u00f3 de les Falleres Majors, s&#8217;inauguraven les exposicions de Ninots Fallers i Cartells de Falles a la Casa de Cultura (visitables fins el divendres 13 de mar\u00e7) i es donava el tret de sortida a les festes falleres a Utiel amb la tradicional &#8220;Crida&#8221; al Teatre Rambal.<\/p>\n\n\n\n<p class=\"wp-block-paragraph\">Des de l&#8217;Ajuntament d&#8217;Utiel traslladem la nostra m\u00e9s sincera enhorabona a les Falleres Majors d&#8217;Utiel i els desitgem que gaudeixin d&#8217;aquest any com a representants utielanas de les Falles.<\/p>\n","protected":false},"excerpt":{"rendered":"<div class=\"mh-excerpt\">Dissabte passat s&#8217;elegia a les representants de les Falles d&#8217;Utiel 2020 Utiel ja t\u00e9 Falleres Majors per al proper exercici. El Teatre Rambal acollia dissabte passat l&#8217;acte d&#8217;elecci\u00f3 i proclamaci\u00f3 de les Falleres Majors d&#8217;Utiel <a class=\"mh-excerpt-more\" href=\"https:\/\/tucomarca.whitekongsoftware.com\/ca\/lorena-navarro-fernandez-i-daniela-campillos-diaz-falleres-majors-dutiel-2020\/\" title=\"Lorena Navarro Fern\u00e1ndez i Daniela Campillos D\u00edaz, Falleres Majors d&#8217;Utiel 2020\">[+] <\/a><\/div>\n","protected":false},"author":12,"featured_media":100392,"comment_status":"open","ping_status":"open","sticky":false,"template":"","format":"gallery","meta":{"footnotes":""},"categories":[10898,10894,11008,10909,10896,11059],"tags":[11289],"class_list":["post-100398","post","type-post","status-publish","format-gallery","has-post-thumbnail","category-ventana-ca","category-la-comarca-ca","category-pueblos-en-fiestas-ca","category-requena-utiel-ca","category-seccion-ca","category-utiel-ca","tag-comarca-utiel-requena","post_format-post-format-gallery"],"_links":{"self":[{"href":"https:\/\/tucomarca.whitekongsoftware.com\/ca\/wp-json\/wp\/v2\/posts\/100398","targetHints":{"allow":["GET"]}}],"collection":[{"href":"https:\/\/tucomarca.whitekongsoftware.com\/ca\/wp-json\/wp\/v2\/posts"}],"about":[{"href":"https:\/\/tucomarca.whitekongsoftware.com\/ca\/wp-json\/wp\/v2\/types\/post"}],"author":[{"embeddable":true,"href":"https:\/\/tucomarca.whitekongsoftware.com\/ca\/wp-json\/wp\/v2\/users\/12"}],"replies":[{"embeddable":true,"href":"https:\/\/tucomarca.whitekongsoftware.com\/ca\/wp-json\/wp\/v2\/comments?post=100398"}],"version-history":[{"count":0,"href":"https:\/\/tucomarca.whitekongsoftware.com\/ca\/wp-json\/wp\/v2\/posts\/100398\/revisions"}],"wp:featuredmedia":[{"embeddable":true,"href":"https:\/\/tucomarca.whitekongsoftware.com\/ca\/wp-json\/wp\/v2\/media\/100392"}],"wp:attachment":[{"href":"https:\/\/tucomarca.whitekongsoftware.com\/ca\/wp-json\/wp\/v2\/media?parent=100398"}],"wp:term":[{"taxonomy":"category","embeddable":true,"href":"https:\/\/tucomarca.whitekongsoftware.com\/ca\/wp-json\/wp\/v2\/categories?post=100398"},{"taxonomy":"post_tag","embeddable":true,"href":"https:\/\/tucomarca.whitekongsoftware.com\/ca\/wp-json\/wp\/v2\/tags?post=100398"}],"curies":[{"name":"wp","href":"https:\/\/api.w.org\/{rel}","templated":true}]}}