{"id":100366,"date":"2020-03-03T11:22:41","date_gmt":"2020-03-03T09:22:41","guid":{"rendered":"http:\/\/www.tucomarca.com\/wordpress\/segunda\/?p=100366"},"modified":"2020-03-03T11:22:45","modified_gmt":"2020-03-03T09:22:45","slug":"lajuntament-de-turis-ofereix-formacio-per-constituir-un-punt-violeta-de-prevencio-de-violencia-cap-a-la-dona","status":"publish","type":"post","link":"https:\/\/tucomarca.whitekongsoftware.com\/ca\/lajuntament-de-turis-ofereix-formacio-per-constituir-un-punt-violeta-de-prevencio-de-violencia-cap-a-la-dona\/","title":{"rendered":"L\u2019Ajuntament de\u00a0Tur\u00eds\u00a0ofereix formaci\u00f3 per constituir un punt violeta de prevenci\u00f3 de\u00a0viol\u00e8ncia\u00a0cap a la dona"},"content":{"rendered":"\n<p class=\"wp-block-paragraph\">Continuant amb les activitats organitzades per commemorar el Dia Internacional de les Dones, l\u2019ajuntament de&nbsp;Tur\u00eds&nbsp;ha oferit una xarrada formativa, a c\u00e0rrec de t\u00e8cniques de l\u2019Ag\u00e8ncia d\u2019Igualtat i Conviv\u00e8ncia de La Ribera Alta, per a constituir al municipi un punt violeta.<\/p>\n\n\n\n<p class=\"wp-block-paragraph\">\u201c\u00c9s una manera de continuar amb les iniciatives que estem desenvolupant des que estem al govern,&nbsp;compromeses amb la igualtat entre homes i dones i amb la desaparici\u00f3 de la viol\u00e8ncia de g\u00e8nere\u201d, comenta l\u2019alcalde&nbsp;Eugenio&nbsp;Forta\u00f1a. \u201cEl Pla Municipal d\u2019Igualtat o el protocol d\u2019actuaci\u00f3 en l\u2019atenci\u00f3 de les v\u00edctimes d\u2019este&nbsp;tipus de viol\u00e8ncia en s\u00f3n un bon exemple\u201d.<\/p>\n\n\n\n<p class=\"wp-block-paragraph\">La regidora d\u2019Igualtat, N\u00faria&nbsp;Montero, explica que \u201cla finalitat del punt violeta \u00e9s crear un grup de persones volunt\u00e0ries que rebran informaci\u00f3 en prevenci\u00f3 de viol\u00e8ncia cap a la dona a m\u00e9s de donar informaci\u00f3 sobre els recursos de coordinaci\u00f3 i derivaci\u00f3 al nostre territori\u201d.<br><\/p>\n","protected":false},"excerpt":{"rendered":"<div class=\"mh-excerpt\">Continuant amb les activitats organitzades per commemorar el Dia Internacional de les Dones, l\u2019ajuntament de&nbsp;Tur\u00eds&nbsp;ha oferit una xarrada formativa, a c\u00e0rrec de t\u00e8cniques de l\u2019Ag\u00e8ncia d\u2019Igualtat i Conviv\u00e8ncia de La Ribera Alta, per a constituir <a class=\"mh-excerpt-more\" href=\"https:\/\/tucomarca.whitekongsoftware.com\/ca\/lajuntament-de-turis-ofereix-formacio-per-constituir-un-punt-violeta-de-prevencio-de-violencia-cap-a-la-dona\/\" title=\"L\u2019Ajuntament de\u00a0Tur\u00eds\u00a0ofereix formaci\u00f3 per constituir un punt violeta de prevenci\u00f3 de\u00a0viol\u00e8ncia\u00a0cap a la dona\">[+] <\/a><\/div>\n","protected":false},"author":1,"featured_media":100363,"comment_status":"open","ping_status":"open","sticky":false,"template":"","format":"standard","meta":{"footnotes":""},"categories":[10948,10894,10902,10896,10897,11047],"tags":[11942,3466,3640,11077],"class_list":["post-100366","post","type-post","status-publish","format-standard","has-post-thumbnail","category-infraestructuras-ca","category-la-comarca-ca","category-la-ribera-ca","category-seccion-ca","category-sucesos-la-comarca-ca","category-turis-ca","tag-8-marzo-ca","tag-8-marzo","tag-la-ribera-alta","tag-la-ribera-alta-ca"],"_links":{"self":[{"href":"https:\/\/tucomarca.whitekongsoftware.com\/ca\/wp-json\/wp\/v2\/posts\/100366","targetHints":{"allow":["GET"]}}],"collection":[{"href":"https:\/\/tucomarca.whitekongsoftware.com\/ca\/wp-json\/wp\/v2\/posts"}],"about":[{"href":"https:\/\/tucomarca.whitekongsoftware.com\/ca\/wp-json\/wp\/v2\/types\/post"}],"author":[{"embeddable":true,"href":"https:\/\/tucomarca.whitekongsoftware.com\/ca\/wp-json\/wp\/v2\/users\/1"}],"replies":[{"embeddable":true,"href":"https:\/\/tucomarca.whitekongsoftware.com\/ca\/wp-json\/wp\/v2\/comments?post=100366"}],"version-history":[{"count":0,"href":"https:\/\/tucomarca.whitekongsoftware.com\/ca\/wp-json\/wp\/v2\/posts\/100366\/revisions"}],"wp:featuredmedia":[{"embeddable":true,"href":"https:\/\/tucomarca.whitekongsoftware.com\/ca\/wp-json\/wp\/v2\/media\/100363"}],"wp:attachment":[{"href":"https:\/\/tucomarca.whitekongsoftware.com\/ca\/wp-json\/wp\/v2\/media?parent=100366"}],"wp:term":[{"taxonomy":"category","embeddable":true,"href":"https:\/\/tucomarca.whitekongsoftware.com\/ca\/wp-json\/wp\/v2\/categories?post=100366"},{"taxonomy":"post_tag","embeddable":true,"href":"https:\/\/tucomarca.whitekongsoftware.com\/ca\/wp-json\/wp\/v2\/tags?post=100366"}],"curies":[{"name":"wp","href":"https:\/\/api.w.org\/{rel}","templated":true}]}}