{"id":100347,"date":"2020-03-03T11:01:20","date_gmt":"2020-03-03T09:01:20","guid":{"rendered":"http:\/\/www.tucomarca.com\/wordpress\/segunda\/?p=100347"},"modified":"2020-03-03T11:03:32","modified_gmt":"2020-03-03T09:03:32","slug":"perez-garijo-anuncia-el-reforcament-i-la-millora-de-latencio-a-la-ciutadania-a-la-comarca-de-la-plana-utiel-requena","status":"publish","type":"post","link":"https:\/\/tucomarca.whitekongsoftware.com\/ca\/perez-garijo-anuncia-el-reforcament-i-la-millora-de-latencio-a-la-ciutadania-a-la-comarca-de-la-plana-utiel-requena\/","title":{"rendered":"P\u00e9rez Garijo anuncia el refor\u00e7ament i la millora de l&#8217;atenci\u00f3 a la ciutadania a la comarca de la Plana Utiel-Requena"},"content":{"rendered":"\n<p class=\"wp-block-paragraph\">La consellera de Participaci\u00f3, Transpar\u00e8ncia, Cooperaci\u00f3 i Qualitat Democr\u00e0tica, Rosa P\u00e9rez Garijo ha anunciat l&#8217;ampliaci\u00f3 de serveis d&#8217;atenci\u00f3 a la ciutadania a la comarca de la Plana Utiel-Requena.<\/p>\n\n\n\n<p class=\"wp-block-paragraph\">La consellera, que s&#8217;ha reunit amb l&#8217;alcalde de Requena, Mario S\u00e1nchez, i ha visitat l&#8217;oficina PROP actual de la localitat, ha assenyalat que l&#8217;objectiu del seu conselleria \u00e9s &#8220;dotar de m\u00e9s personal, recursos i serveis que millorin l&#8217;atenci\u00f3 i tr\u00e0mits de la ciutadania amb l&#8217;administraci\u00f3 &#8220;, ha avan\u00e7at.<\/p>\n\n\n\n<p class=\"wp-block-paragraph\">Requena compta actualment, a trav\u00e9s d&#8217;un conveni, amb una oficina PROP dins de l&#8217;ajuntament de la localitat, &#8220;per\u00f2 l&#8217;objectiu ser\u00e0 que la gesti\u00f3 sigui directa, que s&#8217;ampli\u00efn els serveis i que pugui atendre amb major disposici\u00f3 les necessitats dels ve\u00efns i ve\u00efnes de la ciutat i de tota la comarca &#8220;.<\/p>\n\n\n\n<p class=\"wp-block-paragraph\">La consellera ha anunciat tamb\u00e9 que es preveu en breu la posada en marxa de l&#8217;serveis de cita pr\u00e8via per al PROP a aquesta oficina que est\u00e0 actualment en funcionament, aix\u00ed com de l&#8217;servei AutoPROP, un punt d&#8217;autogesti\u00f3 perqu\u00e8 la ciutadania pugui fer els seus tr\u00e0mits telem\u00e0tics amb l&#8217;assist\u00e8ncia d&#8217;un funcionari o funcion\u00e0ria de la Generalitat.<\/p>\n\n\n\n<p class=\"wp-block-paragraph\">P\u00e9rez Garijo ha destacat que des de la Conselleria que dirigeix \u200b\u200b&#8221;farem un esfor\u00e7 per apropar l&#8217;administraci\u00f3 auton\u00f2mica en els municipis m\u00e9s llunyans, facilitant l&#8217;acc\u00e9s als tr\u00e0mits, i combatent tamb\u00e9 la manca de recursos i serveis que tenen molts municipis en l&#8217;interior del nostre territori &#8220;.<\/p>\n\n\n\n<p class=\"wp-block-paragraph\">Visita a Camporrobles i Fuenterrobles<\/p>\n\n\n\n<p class=\"wp-block-paragraph\">La consellera P\u00e9rez Garijo ha visitat tamb\u00e9 durant la seva jornada a la comarca de la Plana Utiel-Requena el municipi de Camporrobles, on s&#8217;ha reunit amb la seva alcaldessa, Immaculada Alemany.<\/p>\n\n\n\n<p class=\"wp-block-paragraph\">Totes dues han compartit les preocupacions per les conseq\u00fc\u00e8ncies de la despoblaci\u00f3, i l&#8217;alcaldessa li ha fet entrega a la consellera d&#8217;un manifest que recull les diverses mesures recopilades pels municipis de la comarca per pal\u00b7liar els efectes d&#8217;aquesta despoblaci\u00f3.<\/p>\n\n\n\n<p class=\"wp-block-paragraph\">P\u00e9rez Garijo ha subratllat que un dels objectius de la conselleria que dirigeix \u200b\u200b\u00e9s precisament estendre el model de finestreta \u00fanica, &#8220;amb la meta de simplificar una mica m\u00e9s els tr\u00e0mits amb l&#8217;administraci\u00f3, amb la instal\u00b7laci\u00f3 de punts PROP virtuals en m\u00e9s municipis, i especialment en aquells que pateixen des de fa massa temps la minva de serveis com a conseq\u00fc\u00e8ncia de la despoblaci\u00f3 &#8220;.<\/p>\n\n\n\n<p class=\"wp-block-paragraph\">Alemany i P\u00e9rez Garijo tamb\u00e9 han coincidit en la necessitat d&#8217;incentivar els processos de participaci\u00f3, posant com a exemple un dels iniciats a Camporrobles, en el qual ve\u00efns i ve\u00efnes decidiran sobre les inversions en infraestructures de la seva localitat.<\/p>\n\n\n\n<p class=\"wp-block-paragraph\">Finalment, l&#8217;alcaldessa ha destacat la import\u00e0ncia de les subvencions rebudes en mat\u00e8ria de transpar\u00e8ncia, per posar en marxa el portal de l&#8217;municipi.<\/p>\n\n\n\n<p class=\"wp-block-paragraph\">D&#8217;altra banda, la consellera tamb\u00e9 ha visitat despr\u00e9s la localitat de Fuenterrobles, on s&#8217;ha reunit amb l&#8217;alcalde Adri\u00e1n \u00c1lvarez i els regidors Estefania Berlanga i Alfredo Jim\u00e9nez, i han abordat igualment q\u00fcestions entorn a l&#8217;atenci\u00f3 a la ciutadania i la necessitat d&#8217;aproximar els serveis de l&#8217;administraci\u00f3 als ve\u00efns i ve\u00efnes de la localitat.<\/p>\n","protected":false},"excerpt":{"rendered":"<div class=\"mh-excerpt\">La consellera de Participaci\u00f3, Transpar\u00e8ncia, Cooperaci\u00f3 i Qualitat Democr\u00e0tica, Rosa P\u00e9rez Garijo ha anunciat l&#8217;ampliaci\u00f3 de serveis d&#8217;atenci\u00f3 a la ciutadania a la comarca de la Plana Utiel-Requena. La consellera, que s&#8217;ha reunit amb l&#8217;alcalde <a class=\"mh-excerpt-more\" href=\"https:\/\/tucomarca.whitekongsoftware.com\/ca\/perez-garijo-anuncia-el-reforcament-i-la-millora-de-latencio-a-la-ciutadania-a-la-comarca-de-la-plana-utiel-requena\/\" title=\"P\u00e9rez Garijo anuncia el refor\u00e7ament i la millora de l&#8217;atenci\u00f3 a la ciutadania a la comarca de la Plana Utiel-Requena\">[+] <\/a><\/div>\n","protected":false},"author":1,"featured_media":100345,"comment_status":"open","ping_status":"open","sticky":false,"template":"","format":"standard","meta":{"footnotes":""},"categories":[11031,11010,10898,11055,10948,10894,10947,10908,10909,10896],"tags":[10387],"class_list":["post-100347","post","type-post","status-publish","format-standard","has-post-thumbnail","category-camporrobles-ca","category-canal-salud","category-ventana-ca","category-fuenterrobles-ca","category-infraestructuras-ca","category-la-comarca-ca","category-politica","category-requena-ca","category-requena-utiel-ca","category-seccion-ca","tag-requena-utiel"],"_links":{"self":[{"href":"https:\/\/tucomarca.whitekongsoftware.com\/ca\/wp-json\/wp\/v2\/posts\/100347","targetHints":{"allow":["GET"]}}],"collection":[{"href":"https:\/\/tucomarca.whitekongsoftware.com\/ca\/wp-json\/wp\/v2\/posts"}],"about":[{"href":"https:\/\/tucomarca.whitekongsoftware.com\/ca\/wp-json\/wp\/v2\/types\/post"}],"author":[{"embeddable":true,"href":"https:\/\/tucomarca.whitekongsoftware.com\/ca\/wp-json\/wp\/v2\/users\/1"}],"replies":[{"embeddable":true,"href":"https:\/\/tucomarca.whitekongsoftware.com\/ca\/wp-json\/wp\/v2\/comments?post=100347"}],"version-history":[{"count":0,"href":"https:\/\/tucomarca.whitekongsoftware.com\/ca\/wp-json\/wp\/v2\/posts\/100347\/revisions"}],"wp:featuredmedia":[{"embeddable":true,"href":"https:\/\/tucomarca.whitekongsoftware.com\/ca\/wp-json\/wp\/v2\/media\/100345"}],"wp:attachment":[{"href":"https:\/\/tucomarca.whitekongsoftware.com\/ca\/wp-json\/wp\/v2\/media?parent=100347"}],"wp:term":[{"taxonomy":"category","embeddable":true,"href":"https:\/\/tucomarca.whitekongsoftware.com\/ca\/wp-json\/wp\/v2\/categories?post=100347"},{"taxonomy":"post_tag","embeddable":true,"href":"https:\/\/tucomarca.whitekongsoftware.com\/ca\/wp-json\/wp\/v2\/tags?post=100347"}],"curies":[{"name":"wp","href":"https:\/\/api.w.org\/{rel}","templated":true}]}}