{"id":100146,"date":"2020-02-26T20:49:18","date_gmt":"2020-02-26T18:49:18","guid":{"rendered":"http:\/\/www.tucomarca.com\/wordpress\/segunda\/?p=100146"},"modified":"2020-02-26T20:49:20","modified_gmt":"2020-02-26T18:49:20","slug":"els-carnestoltes-a-utiel-segueixen-creixent-amb-un-gran-nivell-de-les-seues-disfresses-i-coplillas","status":"publish","type":"post","link":"https:\/\/tucomarca.whitekongsoftware.com\/ca\/els-carnestoltes-a-utiel-segueixen-creixent-amb-un-gran-nivell-de-les-seues-disfresses-i-coplillas\/","title":{"rendered":"Els Carnestoltes a Utiel segueixen creixent amb un gran nivell de les seues disfresses i coplillas"},"content":{"rendered":"\n<p class=\"wp-block-paragraph\">Dissabte passat, a la sala polivalent d&#8217;Utiel, s&#8217;entregaven els esperats Premis als millors Disfresses i Coplillas de l&#8217;Carnestoltes d&#8217;Utiel 2020. Un concurs que abarrotava el Teatre Rambal, complint les expectatives dels assistents que van gaudir d&#8217;una nit carnavalera d&#8217;espectacle i diversi\u00f3.<\/p>\n\n\n\n<p class=\"wp-block-paragraph\">Aquesta edici\u00f3 ha comptat amb gran participaci\u00f3, superant el nombre d&#8217;inscrits respecte a altres anys, i amb un gran nivell en la preparaci\u00f3 tant de les disfresses com de les coplillas.<\/p>\n\n\n\n<p class=\"wp-block-paragraph\">Aix\u00ed, la decisi\u00f3 de l&#8217;jurat va establir com a guanyadors\/es de l&#8217;Carnaval 2020 a Utiel a:<\/p>\n\n\n\n<p class=\"wp-block-paragraph\">I<strong>NDIVIDUALS<\/strong><\/p>\n\n\n\n<p class=\"wp-block-paragraph\">MILLOR POSADA EN ESCENA: &#8220;Flamenques sense ol\u00e9&#8221;<\/p>\n\n\n\n<p class=\"wp-block-paragraph\">DISFRESSES: 1r &#8220;Flamenques sense ol\u00e9&#8221; 2n &#8220;Les maies, per\u00f2 no abelles&#8221; 3r &#8220;No em toques les boles que em conec&#8221;<\/p>\n\n\n\n<p class=\"wp-block-paragraph\"><strong> COMPARSES<\/strong><\/p>\n\n\n\n<p class=\"wp-block-paragraph\">MAQUILLAJE: 1\u00b0 &#8220;Pachamama&#8221; 2n &#8220;Copacabana&#8221; 3r &#8220;Els Cerrileros&#8221;<\/p>\n\n\n\n<p class=\"wp-block-paragraph\">Millor POSADA EN ESCENA: 1\u00b0 &#8220;Pachamama&#8221; 2n &#8220;Copacabana&#8221; 3r &#8220;La Fauna de l&#8217;Negrete&#8221;<\/p>\n\n\n\n<p class=\"wp-block-paragraph\">DISFRESSES: 1\u00b0 &#8220;Pachamama&#8221; 2n &#8220;Copacabana&#8221; 3r &#8220;Els Cerrrileros4 \u00b0&#8221; La Fauna de l&#8217;Negrete &#8220;5\u00e8&#8221; Pilots, pilotes i Pilots &#8220;<\/p>\n\n\n\n<p class=\"wp-block-paragraph\"><strong>COPLILLAS<\/strong><br> Menci\u00f3 especial per la seua originalitat i treball a la coplilla i comparsa: &#8220;Byakko&#8221;<br> 1r &#8220;Pachamama un futur aTIERRAdor&#8221; comparsa Pachamama<\/p>\n\n\n\n<p class=\"wp-block-paragraph\">2 \u00b0 &#8220;Com ensinistrar un Fernando&#8221; comparsa Copacabana<\/p>\n\n\n\n<p class=\"wp-block-paragraph\">3 \u00b0 &#8220;Aterra com pugues&#8221; comparsa Pilots, pilotes i Pilots<\/p>\n\n\n\n<p class=\"wp-block-paragraph\">Des de l&#8217;Ajuntament d&#8217;Utiel traslladem la nostra m\u00e9s sincera enhorabona als guanyadors i agra\u00efm la dedicaci\u00f3, creativitat i enginy de tots els participants en aquest carnaval, contribuint aix\u00ed a mantenir viva la il\u00b7lusi\u00f3 i l&#8217;alegria d&#8217;aquesta festivitat al municipi.<\/p>\n","protected":false},"excerpt":{"rendered":"<div class=\"mh-excerpt\">Dissabte passat, a la sala polivalent d&#8217;Utiel, s&#8217;entregaven els esperats Premis als millors Disfresses i Coplillas de l&#8217;Carnestoltes d&#8217;Utiel 2020. Un concurs que abarrotava el Teatre Rambal, complint les expectatives dels assistents que van gaudir <a class=\"mh-excerpt-more\" href=\"https:\/\/tucomarca.whitekongsoftware.com\/ca\/els-carnestoltes-a-utiel-segueixen-creixent-amb-un-gran-nivell-de-les-seues-disfresses-i-coplillas\/\" title=\"Els Carnestoltes a Utiel segueixen creixent amb un gran nivell de les seues disfresses i coplillas\">[+] <\/a><\/div>\n","protected":false},"author":12,"featured_media":100145,"comment_status":"open","ping_status":"open","sticky":false,"template":"","format":"gallery","meta":{"footnotes":""},"categories":[11004,11008,10909,10896,11059],"tags":[10389],"class_list":["post-100146","post","type-post","status-publish","format-gallery","has-post-thumbnail","category-la-semana-en-imagenes-ca","category-pueblos-en-fiestas-ca","category-requena-utiel-ca","category-seccion-ca","category-utiel-ca","tag-utiel","post_format-post-format-gallery"],"_links":{"self":[{"href":"https:\/\/tucomarca.whitekongsoftware.com\/ca\/wp-json\/wp\/v2\/posts\/100146","targetHints":{"allow":["GET"]}}],"collection":[{"href":"https:\/\/tucomarca.whitekongsoftware.com\/ca\/wp-json\/wp\/v2\/posts"}],"about":[{"href":"https:\/\/tucomarca.whitekongsoftware.com\/ca\/wp-json\/wp\/v2\/types\/post"}],"author":[{"embeddable":true,"href":"https:\/\/tucomarca.whitekongsoftware.com\/ca\/wp-json\/wp\/v2\/users\/12"}],"replies":[{"embeddable":true,"href":"https:\/\/tucomarca.whitekongsoftware.com\/ca\/wp-json\/wp\/v2\/comments?post=100146"}],"version-history":[{"count":0,"href":"https:\/\/tucomarca.whitekongsoftware.com\/ca\/wp-json\/wp\/v2\/posts\/100146\/revisions"}],"wp:featuredmedia":[{"embeddable":true,"href":"https:\/\/tucomarca.whitekongsoftware.com\/ca\/wp-json\/wp\/v2\/media\/100145"}],"wp:attachment":[{"href":"https:\/\/tucomarca.whitekongsoftware.com\/ca\/wp-json\/wp\/v2\/media?parent=100146"}],"wp:term":[{"taxonomy":"category","embeddable":true,"href":"https:\/\/tucomarca.whitekongsoftware.com\/ca\/wp-json\/wp\/v2\/categories?post=100146"},{"taxonomy":"post_tag","embeddable":true,"href":"https:\/\/tucomarca.whitekongsoftware.com\/ca\/wp-json\/wp\/v2\/tags?post=100146"}],"curies":[{"name":"wp","href":"https:\/\/api.w.org\/{rel}","templated":true}]}}