{"id":100139,"date":"2020-02-26T15:46:19","date_gmt":"2020-02-26T13:46:19","guid":{"rendered":"http:\/\/www.tucomarca.com\/wordpress\/segunda\/?p=100139"},"modified":"2020-02-26T15:46:22","modified_gmt":"2020-02-26T13:46:22","slug":"ximo-puig-llanca-un-missatge-de-tranquillitat-i-assegura-que-el-sistema-sanitari-valencia-esta-totalment-preparat-per-fer-front-a-lcoronavirus","status":"publish","type":"post","link":"https:\/\/tucomarca.whitekongsoftware.com\/ca\/ximo-puig-llanca-un-missatge-de-tranquillitat-i-assegura-que-el-sistema-sanitari-valencia-esta-totalment-preparat-per-fer-front-a-lcoronavirus\/","title":{"rendered":"Ximo Puig llan\u00e7a un missatge de tranquil\u00b7litat i assegura que el sistema sanitari valenci\u00e0 &#8220;est\u00e0 totalment preparat per fer front a l&#8217;coronavirus&#8221;"},"content":{"rendered":"\n<p class=\"wp-block-paragraph\">El president de la Generalitat Valenciana, Ximo Puig, ha volgut llan\u00e7ar un missatge de &#8220;tranquil\u00b7litat i serenitat a tots els valencians i valencianes&#8221;, despr\u00e9s de la reuni\u00f3 de coordinaci\u00f3 d&#8217;actuacions despr\u00e9s de l&#8217;aparici\u00f3 del primer cas de coronavirus a la Comunitat Valenciana.<\/p>\n\n\n\n<p class=\"wp-block-paragraph\">Puig ha ressaltat que el sistema sanitari valenci\u00e0 &#8220;est\u00e0 absolutament preparat per fer front a qualsevol eventualitat relacionada amb el coronavirus&#8221;.<\/p>\n\n\n\n<p class=\"wp-block-paragraph\">El president ha fet aquestes declaracions despr\u00e9s de la reuni\u00f3 que ha mantingut amb la vicepresidenta i consellera d&#8217;Igualtat i Pol\u00edtiques Inclusives, M\u00f3nica Oltra; la consellera de Just\u00edcia, Interior i Administraci\u00f3 P\u00fablica, Gabriela Bravo; la consellera de Sanitat Universal i Salut P\u00fablica, Ana Barcel\u00f3; el conseller d&#8217;Educaci\u00f3, Cultura i Esport, Vicent Marz\u00e0; el secretari auton\u00f2mic de Turisme, Francesc Colomer; i el secretari auton\u00f2mic de Seguretat i Emerg\u00e8ncies, Jos\u00e9 Mar\u00eda \u00c1ngel.<\/p>\n\n\n\n<p class=\"wp-block-paragraph\">&#8220;Estem davant d&#8217;un virus contagi\u00f3s per\u00f2, en termes generals, d&#8217;una agressivitat limitada. Per aix\u00f2, cal tractar aquesta q\u00fcesti\u00f3 des del rigor, sense alarmismes, amb la deguda proporcionalitat i amb efic\u00e0cia en la detecci\u00f3 dels casos. Si ho fem aix\u00ed, crec que m\u00e9s aviat que tard aquesta situaci\u00f3 se superar\u00e0 &#8220;, ha subratllat.<\/p>\n\n\n\n<p class=\"wp-block-paragraph\"><strong>La prioritat \u00e9s la prevenci\u00f3<\/strong><\/p>\n\n\n\n<p class=\"wp-block-paragraph\">Aix\u00ed mateix, el president de el Consell ha manifestat que la prioritat de l&#8217;Executiu valenci\u00e0 &#8220;\u00e9s la prevenci\u00f3 i, per aix\u00f2, estem intensificant tots els esfor\u00e7os orientats per a la detecci\u00f3 preco\u00e7 dels casos i garantir la salut de la poblaci\u00f3&#8221;.<\/p>\n\n\n\n<p class=\"wp-block-paragraph\">De la mateixa manera, Puig ha anunciat que la Conselleria de Sanitat Universal ha posat en marxa, a partir d&#8217;aquest dimecres, el tel\u00e8fon 900 300 555 perqu\u00e8 qualsevol persona, que tingui s\u00edmptomes relacionats amb el coronavirus i hagi estat en els pa\u00efsos catalogats com de risc, pugui dirigir-se per tal de dur a terme l&#8217;acci\u00f3 preventiva corresponent.<\/p>\n\n\n\n<p class=\"wp-block-paragraph\">El cap de l&#8217;Executiu valenci\u00e0, que ha indicat que la passada nit va conversar amb el president de Govern i amb el ministre de Sanitat, ha lloat l&#8217;exist\u00e8ncia d &#8216; &#8220;una estreta coordinaci\u00f3 amb el Ministeri de Sanitat mitjan\u00e7ant un contacte continu d&#8217;intercanvi d&#8217;informaci\u00f3 i posada a punt de protocols d&#8217;actuaci\u00f3 conjunts &#8220;.<\/p>\n\n\n\n<p class=\"wp-block-paragraph\">En aquest sentit, ha explicat que com a part d&#8217;aquest seguiment coordinat, el Consell Interterritorial de Sistema Nacional de Salut va acordar aquest dimarts una ampliaci\u00f3 de les zones de risc per a la definici\u00f3 dels casos.<\/p>\n\n\n\n<p class=\"wp-block-paragraph\">Aix\u00ed, Puig ha avan\u00e7at que totes les persones que presentin s\u00edmptomes compatibles amb aquesta malaltia -tos seca, grip i malestar similar a la grip- i que en els \u00faltims 14 dies hagin estat a la Xina, Corea de Sud, Singapur, Iran o les quatre regions de el nord d&#8217;It\u00e0lia -Lombardia, V\u00e8neto, Piemont i Em\u00edlia-Romagna- &#8220;han de considerar possible cas i s&#8217;han de posar en contacte amb el sistema sanitari per sotmetre a les proves de detecci\u00f3 de l&#8217;coronavirus&#8221;.<\/p>\n\n\n\n<p class=\"wp-block-paragraph\">A m\u00e9s, el president ha assenyalat que aquest dimarts tamb\u00e9 es va decidir &#8220;analitzar els pacients amb simptomatologia respirat\u00f2ria greu d&#8217;origen no identificat per detectar la possible pres\u00e8ncia d&#8217;aquest patogen&#8221;.<\/p>\n\n\n\n<p class=\"wp-block-paragraph\">En aquest sentit, ha declarat que aquestes decisions s&#8217;han acordat &#8220;de manera alineat amb les indicacions que ens trasllada l&#8217;Organitzaci\u00f3 Mundial de la Salut, el Centre Europeu per a la Prevenci\u00f3 i Detecci\u00f3 i el Comit\u00e8 de Seguretat Sanit\u00e0ria de la Uni\u00f3 Europea&#8221;.<\/p>\n\n\n\n<p class=\"wp-block-paragraph\">Aix\u00ed mateix, Puig ha manifestat que la Generalitat &#8220;continua mantenint una avaluaci\u00f3 cont\u00ednua de la situaci\u00f3 a la Comunitat Valenciana, especialment a trav\u00e9s de les direccions generals de Salut P\u00fablica i d&#8217;Assist\u00e8ncia Sanit\u00e0ria i dels serveis d&#8217;Epidemiologia&#8221;.<\/p>\n\n\n\n<p class=\"wp-block-paragraph\">Finalment, ha sol\u00b7licitat la col\u00b7laboraci\u00f3 als mitjans de comunicaci\u00f3 &#8220;perqu\u00e8 s\u00f3n fonamentals per a una democr\u00e0cia avan\u00e7ada, per a la distribuci\u00f3 d&#8217;informaci\u00f3 vera\u00e7, aix\u00ed com per denunciar totes aquelles actuacions a trav\u00e9s de mitjans no identificats que generen mentida news i informaci\u00f3 distorsionada&#8221;.<\/p>\n\n\n\n<p class=\"wp-block-paragraph\">Per la seua banda, la consellera de Sanitat Universal i Salut P\u00fablica, Ana Barcel\u00f3, ha indicat que qualsevol persona pot estar informada en tot moment a trav\u00e9s del web de la Conselleria de Sanitat: http:\/\/www.san.gva.es\/ coronavirus<\/p>\n","protected":false},"excerpt":{"rendered":"<div class=\"mh-excerpt\">El president de la Generalitat Valenciana, Ximo Puig, ha volgut llan\u00e7ar un missatge de &#8220;tranquil\u00b7litat i serenitat a tots els valencians i valencianes&#8221;, despr\u00e9s de la reuni\u00f3 de coordinaci\u00f3 d&#8217;actuacions despr\u00e9s de l&#8217;aparici\u00f3 del primer <a class=\"mh-excerpt-more\" href=\"https:\/\/tucomarca.whitekongsoftware.com\/ca\/ximo-puig-llanca-un-missatge-de-tranquillitat-i-assegura-que-el-sistema-sanitari-valencia-esta-totalment-preparat-per-fer-front-a-lcoronavirus\/\" title=\"Ximo Puig llan\u00e7a un missatge de tranquil\u00b7litat i assegura que el sistema sanitari valenci\u00e0 &#8220;est\u00e0 totalment preparat per fer front a l&#8217;coronavirus&#8221;\">[+] <\/a><\/div>\n","protected":false},"author":1,"featured_media":100137,"comment_status":"open","ping_status":"open","sticky":false,"template":"","format":"standard","meta":{"footnotes":""},"categories":[11010,10898,10948,10894,10904,10947,10896,10897],"tags":[11939,11937,11940,11938],"class_list":["post-100139","post","type-post","status-publish","format-standard","has-post-thumbnail","category-canal-salud","category-ventana-ca","category-infraestructuras-ca","category-la-comarca-ca","category-sin-categorizar-ca","category-politica","category-seccion-ca","category-sucesos-la-comarca-ca","tag-coronavirus-ca","tag-coronavirus","tag-covid-19-ca","tag-covid-19"],"_links":{"self":[{"href":"https:\/\/tucomarca.whitekongsoftware.com\/ca\/wp-json\/wp\/v2\/posts\/100139","targetHints":{"allow":["GET"]}}],"collection":[{"href":"https:\/\/tucomarca.whitekongsoftware.com\/ca\/wp-json\/wp\/v2\/posts"}],"about":[{"href":"https:\/\/tucomarca.whitekongsoftware.com\/ca\/wp-json\/wp\/v2\/types\/post"}],"author":[{"embeddable":true,"href":"https:\/\/tucomarca.whitekongsoftware.com\/ca\/wp-json\/wp\/v2\/users\/1"}],"replies":[{"embeddable":true,"href":"https:\/\/tucomarca.whitekongsoftware.com\/ca\/wp-json\/wp\/v2\/comments?post=100139"}],"version-history":[{"count":0,"href":"https:\/\/tucomarca.whitekongsoftware.com\/ca\/wp-json\/wp\/v2\/posts\/100139\/revisions"}],"wp:featuredmedia":[{"embeddable":true,"href":"https:\/\/tucomarca.whitekongsoftware.com\/ca\/wp-json\/wp\/v2\/media\/100137"}],"wp:attachment":[{"href":"https:\/\/tucomarca.whitekongsoftware.com\/ca\/wp-json\/wp\/v2\/media?parent=100139"}],"wp:term":[{"taxonomy":"category","embeddable":true,"href":"https:\/\/tucomarca.whitekongsoftware.com\/ca\/wp-json\/wp\/v2\/categories?post=100139"},{"taxonomy":"post_tag","embeddable":true,"href":"https:\/\/tucomarca.whitekongsoftware.com\/ca\/wp-json\/wp\/v2\/tags?post=100139"}],"curies":[{"name":"wp","href":"https:\/\/api.w.org\/{rel}","templated":true}]}}