{"id":100085,"date":"2020-02-25T16:18:04","date_gmt":"2020-02-25T14:18:04","guid":{"rendered":"http:\/\/www.tucomarca.com\/wordpress\/segunda\/?p=100085"},"modified":"2020-02-25T16:18:07","modified_gmt":"2020-02-25T14:18:07","slug":"xest-celebra-la-iii-marxa-solidaria-a-favor-de-les-malalties-rares-amb-la-recaptacio-de-1-257-euros-per-a-investigacio","status":"publish","type":"post","link":"https:\/\/tucomarca.whitekongsoftware.com\/ca\/xest-celebra-la-iii-marxa-solidaria-a-favor-de-les-malalties-rares-amb-la-recaptacio-de-1-257-euros-per-a-investigacio\/","title":{"rendered":"Xest celebra la III Marxa solid\u00e0ria a favor de les malalties rares amb la recaptaci\u00f3 de 1.257 euros per a investigaci\u00f3"},"content":{"rendered":"\n<figure class=\"wp-block-image\"><img loading=\"lazy\" decoding=\"async\" width=\"1024\" height=\"683\" src=\"http:\/\/www.tucomarca.com\/wordpress\/segunda\/wp-content\/uploads\/2020\/02\/ChesteEnfRar2-1024x683.jpg\" alt=\"\" class=\"wp-image-100082\" srcset=\"https:\/\/tucomarca.whitekongsoftware.com\/wp-content\/uploads\/2020\/02\/ChesteEnfRar2-1024x683.jpg 1024w, https:\/\/tucomarca.whitekongsoftware.com\/wp-content\/uploads\/2020\/02\/ChesteEnfRar2-300x200.jpg 300w, https:\/\/tucomarca.whitekongsoftware.com\/wp-content\/uploads\/2020\/02\/ChesteEnfRar2-768x512.jpg 768w\" sizes=\"auto, (max-width: 1024px) 100vw, 1024px\" \/><\/figure>\n\n\n\n<p class=\"wp-block-paragraph\">Aquest diumenge, 23 de febrer, Xest va celebrar la III Marxa Solid\u00e0ria a favor de les Malalties Rares, amb una recaptaci\u00f3 de 1.257 euros, que es destinaran a l&#8217;Institut d&#8217;Investigaci\u00f3 Sanit\u00e0ria La Fe (IIS La Fe), a l&#8217;Associaci\u00f3 S\u00edndrome X Fr\u00e0gil de la Comunitat Valenciana ia l&#8217;Associaci\u00f3 Nacional d&#8217;la S\u00edndrome d&#8217;Ehlers-Danlos i Hiperlaxitud.<\/p>\n\n\n\n<p class=\"wp-block-paragraph\">Abans de la sortida de la marxa, Carlos Garc\u00eda, membre de l&#8217;associaci\u00f3 Res \u00e9s impossible, i M\u00aa \u00c1ngeles Llorente, regidora de Sanitat de l&#8217;Ajuntament de Xest, van dedicar unes paraules d&#8217;agra\u00efment a les persones que, des de les 11 del mat\u00ed, es s&#8217;havien congregat a la pla\u00e7a Doctor Cajal per participar en l&#8217;esdeveniment. &#8220;Vull donar les gr\u00e0cies a totes les entitats, organitzacions i persones volunt\u00e0ries que amb la seva col\u00b7laboraci\u00f3 altruista fan possible la celebraci\u00f3 d&#8217;aquesta marxa i d&#8217;altres activitats de visibilitzaci\u00f3 de les Malalties Rares; concretament les que tindran lloc el proper 1 de mar\u00e7, amb la projecci\u00f3 d&#8217;una pel\u00b7l\u00edcula en el teatre Liceu, i el 21 de mar\u00e7, amb un concert solidari &#8220;, manifestava Llorente. &#8220;Gr\u00e0cies a la Fundaci\u00f3 cajacheste, a Dur\u00e1n, a Camacho, a la cooperativa Xest Agr\u00e0ria, als comer\u00e7os que han col\u00b7laborat i a totes les persones que s&#8217;han sumat a participar en aquesta marxa. Tamb\u00e9 vull destacar el treball de la brigada, de la Policia Local i de Rosario Garc\u00eda, que han gestionat l&#8217;esdeveniment &#8220;.<\/p>\n\n\n\n<p class=\"wp-block-paragraph\">La regidora tamb\u00e9 va posar en valor el treball de les associacions de pacients desenvolupant iniciatives i projectes de recaptaci\u00f3 de fons per a la investigaci\u00f3. &#8220;Concretament vull felicitar l&#8217;associaci\u00f3 chestana Res \u00e9s impossible, que organitza aquesta marxa i que est\u00e0 fent un treball ingent&#8221;.<\/p>\n\n\n\n<p class=\"wp-block-paragraph\">A les 12 hores desenes de ve\u00efns i ve\u00efnes de totes les edats van iniciar la marxa de 3,5 quil\u00f2metres des de la pla\u00e7a Doctor Cajal. A la seva arribada a meta, a la mateixa pla\u00e7a, totes les persones participants van gaudir d&#8217;un avituallament especial ofert per les entitats col\u00b7laboradores. A m\u00e9s, durant tot el mat\u00ed l&#8217;associaci\u00f3 Res \u00e9s impossible instal\u00b7lar un estand a la pla\u00e7a per vendre polseres i motxilles amb la finalitat de recaptar m\u00e9s fons per a la investigaci\u00f3 sanit\u00e0ria.<\/p>\n\n\n\n<p class=\"wp-block-paragraph\">&#8220;Si tenir una malaltia comuna ja \u00e9s un problema, que aquesta afecti un nombre petit de persones es converteix en un calvari de diagn\u00f2stic, de tractaments i de qualitat de vida&#8221;, declarava la regidora de Sanitat. &#8220;Aquestes persones ens necessiten, tots hem de sumar perqu\u00e8 la investigaci\u00f3 sigui realment l&#8217;esperan\u00e7a dels 3 milions de persones amb una Malaltia Rara a Espanya. Hem de reivindicar de manera persistent que s&#8217;impulsi la recerca mitjan\u00e7ant un enfocament integral i de treball en xarxa, \u00e9s a dir, destinar fons p\u00fablics i privats per als grups d&#8217;investigadors que a dia d&#8217;avui treballen amb una professionalitat digna d&#8217;elogi en condicions de total precarietat. Cal trobar procediments de diagn\u00f2stic i detecci\u00f3 preco\u00e7, \u00e9s urgent trobar tractaments i ter\u00e0pies innovadores i cal afavorir la inclusi\u00f3 en tots els \u00e0mbits laborals i socials de les persones que pateixen aquestes malalties &#8220;.<\/p>\n\n\n\n<p class=\"wp-block-paragraph\">A l&#8217;finalitzar l&#8217;esdeveniment es va realitzar una rifa de dues cistelles entre les persones participants.<\/p>\n","protected":false},"excerpt":{"rendered":"<div class=\"mh-excerpt\">Aquest diumenge, 23 de febrer, Xest va celebrar la III Marxa Solid\u00e0ria a favor de les Malalties Rares, amb una recaptaci\u00f3 de 1.257 euros, que es destinaran a l&#8217;Institut d&#8217;Investigaci\u00f3 Sanit\u00e0ria La Fe (IIS La <a class=\"mh-excerpt-more\" href=\"https:\/\/tucomarca.whitekongsoftware.com\/ca\/xest-celebra-la-iii-marxa-solidaria-a-favor-de-les-malalties-rares-amb-la-recaptacio-de-1-257-euros-per-a-investigacio\/\" title=\"Xest celebra la III Marxa solid\u00e0ria a favor de les malalties rares amb la recaptaci\u00f3 de 1.257 euros per a investigaci\u00f3\">[+] <\/a><\/div>\n","protected":false},"author":1,"featured_media":100081,"comment_status":"open","ping_status":"open","sticky":false,"template":"","format":"image","meta":{"footnotes":""},"categories":[10948,10894,10912,10896,10974],"tags":[5952],"class_list":["post-100085","post","type-post","status-publish","format-image","has-post-thumbnail","category-infraestructuras-ca","category-la-comarca-ca","category-la-hoya-ca","category-seccion-ca","category-cheste-ca","tag-la-hoya-de-bunol-chiva","post_format-post-format-image"],"_links":{"self":[{"href":"https:\/\/tucomarca.whitekongsoftware.com\/ca\/wp-json\/wp\/v2\/posts\/100085","targetHints":{"allow":["GET"]}}],"collection":[{"href":"https:\/\/tucomarca.whitekongsoftware.com\/ca\/wp-json\/wp\/v2\/posts"}],"about":[{"href":"https:\/\/tucomarca.whitekongsoftware.com\/ca\/wp-json\/wp\/v2\/types\/post"}],"author":[{"embeddable":true,"href":"https:\/\/tucomarca.whitekongsoftware.com\/ca\/wp-json\/wp\/v2\/users\/1"}],"replies":[{"embeddable":true,"href":"https:\/\/tucomarca.whitekongsoftware.com\/ca\/wp-json\/wp\/v2\/comments?post=100085"}],"version-history":[{"count":0,"href":"https:\/\/tucomarca.whitekongsoftware.com\/ca\/wp-json\/wp\/v2\/posts\/100085\/revisions"}],"wp:featuredmedia":[{"embeddable":true,"href":"https:\/\/tucomarca.whitekongsoftware.com\/ca\/wp-json\/wp\/v2\/media\/100081"}],"wp:attachment":[{"href":"https:\/\/tucomarca.whitekongsoftware.com\/ca\/wp-json\/wp\/v2\/media?parent=100085"}],"wp:term":[{"taxonomy":"category","embeddable":true,"href":"https:\/\/tucomarca.whitekongsoftware.com\/ca\/wp-json\/wp\/v2\/categories?post=100085"},{"taxonomy":"post_tag","embeddable":true,"href":"https:\/\/tucomarca.whitekongsoftware.com\/ca\/wp-json\/wp\/v2\/tags?post=100085"}],"curies":[{"name":"wp","href":"https:\/\/api.w.org\/{rel}","templated":true}]}}