{"id":100025,"date":"2020-02-24T15:52:22","date_gmt":"2020-02-24T13:52:22","guid":{"rendered":"http:\/\/www.tucomarca.com\/wordpress\/segunda\/?p=100025"},"modified":"2020-02-24T15:52:24","modified_gmt":"2020-02-24T13:52:24","slug":"riba-roja-crea-una-taula-multidisciplinar-per-detectar-i-prevenir-possibles-casos-de-violencia-de-genere-al-municipi","status":"publish","type":"post","link":"https:\/\/tucomarca.whitekongsoftware.com\/ca\/riba-roja-crea-una-taula-multidisciplinar-per-detectar-i-prevenir-possibles-casos-de-violencia-de-genere-al-municipi\/","title":{"rendered":"Riba-roja crea una taula multidisciplinar per detectar i prevenir possibles casos de viol\u00e8ncia de g\u00e8nere al municipi"},"content":{"rendered":"\n<p class=\"wp-block-paragraph\">El ple de l&#8217;Ajuntament de Riba-roja de T\u00faria ha aprovat la creaci\u00f3 d&#8217;una taula multidisciplinar en mat\u00e8ria de viol\u00e8ncia de g\u00e8nere i un protocol d&#8217;actuaci\u00f3 davant d&#8217;aquest tipus de problem\u00e0tica, aix\u00ed com una normativa que la regula. L&#8217;acord de l&#8217;equip de govern de l&#8217;PSPV ha estat ratificat amb els vots de la resta dels partits pol\u00edtics: el Partit Popular, Comprom\u00eds, Podem, Esquerra Unida, Ciutadans i Vox.<\/p>\n\n\n\n<p class=\"wp-block-paragraph\">La proposta ratificada pel ple municipal persegueix fomentar &#8220;un treball coordinat i en equip de les professionals de l&#8217;Ajuntament de Riba-vermella amb la finalitat d&#8217;anticipar la detecci\u00f3, fomentar la prevenci\u00f3 i donar una resposta efica\u00e7 als casos de viol\u00e8ncia de g\u00e8nere en el municipi &#8220;, a m\u00e9s, la taula multidisciplinari ha estat l&#8217;encarregada de la redacci\u00f3 de l&#8217;protocol.<\/p>\n\n\n\n<p class=\"wp-block-paragraph\">L&#8217;aprovaci\u00f3 de la taula i de el protocol d&#8217;actuaci\u00f3 s&#8217;ha pres d&#8217;acord amb la legislaci\u00f3 auton\u00f2mica i estatal vigent actualment, en relaci\u00f3 a l&#8217;Pacte Valenci\u00e0 i a el Pacte d&#8217;Estat que regula les respostes davant la viol\u00e8ncia de g\u00e8nere. Aix\u00ed, la normativa valenciana inclou a l&#8217;agenda p\u00fablica contra &#8220;la lluita col\u00b7lectiva contra les viol\u00e8ncies masclistes i per la igualtat de g\u00e8nere&#8221;.<\/p>\n\n\n\n<p class=\"wp-block-paragraph\">A m\u00e9s, el Pacte Valenci\u00e0 al\u00b7ludeix a la millora de la coordinaci\u00f3 institucional i el treball en xarxa per donar una atenci\u00f3 integral a les dones v\u00edctimes de viol\u00e8ncia de g\u00e8nere i als seus fills i filles, des de la interseccionalitat i la inclusi\u00f3 activa.<\/p>\n\n\n\n<p class=\"wp-block-paragraph\">Per la seua banda, el Pacte d&#8217;Estat relaciona la necessitat de millorar la coordinaci\u00f3 entre les autoritats i organismes responsables de lluita contra la viol\u00e8ncia de g\u00e8nere com el cam\u00ed per obtenir resultats satisfactoris i advoca per introduir &#8220;mesures per millorar la resposta maximitzant l&#8217;\u00fas de recursos disponibles i una promoci\u00f3 de recursos en l&#8217;\u00e0mbit local &#8220;.<\/p>\n\n\n\n<p class=\"wp-block-paragraph\">L&#8217;acord adoptat pel ple de l&#8217;Ajuntament de Riba-vermella de T\u00faria insta a fer un seguiment dels casos de viol\u00e8ncia de g\u00e8nere per part de la taula multidisciplinar en mat\u00e8ria de viol\u00e8ncia de g\u00e8nere, a m\u00e9s de recordar la necessitat que el protocol d&#8217;actuaci\u00f3 aprovat i posat en marxa es distribueixi en les diferents \u00e0rees d&#8217;actuaci\u00f3 municipals que intervenen en aquests casos &#8220;.<\/p>\n\n\n\n<p class=\"wp-block-paragraph\">La proposta de ple de Riba-roja recorda que la viol\u00e8ncia masclista \u00e9s la manifestaci\u00f3 m\u00e9s extrema de desigualtat entre dones i homes, i continua sent un dels grans problemes socials als quals s&#8217;enfronta la societat, ja que els efectes per a les dones i els nens i nenes que la pateixen &#8220;obstaculitzen de manera greu el seu acc\u00e9s a la igualtat de drets i oportunitats&#8221;.<\/p>\n\n\n\n<p class=\"wp-block-paragraph\">Cal recordar el comprom\u00eds de l&#8217;consistori per lluitar contra aquest tipus de xacres i a favor de les dones que el pateixen amb l&#8217;adopci\u00f3 de pol\u00edtiques i de mesures per ajudar-los. Una d&#8217;aquestes mesures s\u00f3n les ajudes de fins a 600 euros per a totes aquelles dones v\u00edctimes de viol\u00e8ncia de g\u00e8nere que els permeti afrontar de manera immediata situacions de greu risc personal.<\/p>\n\n\n\n<p class=\"wp-block-paragraph\">L&#8217;alcalde de Riba-roja de T\u00faria, Robert Raga, ha destacat totes les mesures adoptades pel consistori &#8220;emanades d&#8217;un comprom\u00eds en\u00e8rgic i ferm per acabar amb una de les majors xacres que estan sacsejant a la nostra societat com \u00e9s la viol\u00e8ncia contra les dones , per aix\u00f2 \u00e9s necessari continuar amb iniciatives noves que reforcin aquesta l\u00ednia d&#8217;actuaci\u00f3 i a el mateix temps permetin un aven\u00e7 social d&#8217;igualtat entre homes i dones &#8220;.<\/p>\n","protected":false},"excerpt":{"rendered":"<div class=\"mh-excerpt\">El ple de l&#8217;Ajuntament de Riba-roja de T\u00faria ha aprovat la creaci\u00f3 d&#8217;una taula multidisciplinar en mat\u00e8ria de viol\u00e8ncia de g\u00e8nere i un protocol d&#8217;actuaci\u00f3 davant d&#8217;aquest tipus de problem\u00e0tica, aix\u00ed com una normativa que <a class=\"mh-excerpt-more\" href=\"https:\/\/tucomarca.whitekongsoftware.com\/ca\/riba-roja-crea-una-taula-multidisciplinar-per-detectar-i-prevenir-possibles-casos-de-violencia-de-genere-al-municipi\/\" title=\"Riba-roja crea una taula multidisciplinar per detectar i prevenir possibles casos de viol\u00e8ncia de g\u00e8nere al municipi\">[+] <\/a><\/div>\n","protected":false},"author":1,"featured_media":92810,"comment_status":"open","ping_status":"open","sticky":false,"template":"","format":"standard","meta":{"footnotes":""},"categories":[10892,10898,10948,10894,10947,10906,10896,10897],"tags":[10395],"class_list":["post-100025","post","type-post","status-publish","format-standard","has-post-thumbnail","category-camp-de-turia-ca","category-ventana-ca","category-infraestructuras-ca","category-la-comarca-ca","category-politica","category-riba-roja-ca","category-seccion-ca","category-sucesos-la-comarca-ca","tag-camp-de-turia"],"_links":{"self":[{"href":"https:\/\/tucomarca.whitekongsoftware.com\/ca\/wp-json\/wp\/v2\/posts\/100025","targetHints":{"allow":["GET"]}}],"collection":[{"href":"https:\/\/tucomarca.whitekongsoftware.com\/ca\/wp-json\/wp\/v2\/posts"}],"about":[{"href":"https:\/\/tucomarca.whitekongsoftware.com\/ca\/wp-json\/wp\/v2\/types\/post"}],"author":[{"embeddable":true,"href":"https:\/\/tucomarca.whitekongsoftware.com\/ca\/wp-json\/wp\/v2\/users\/1"}],"replies":[{"embeddable":true,"href":"https:\/\/tucomarca.whitekongsoftware.com\/ca\/wp-json\/wp\/v2\/comments?post=100025"}],"version-history":[{"count":0,"href":"https:\/\/tucomarca.whitekongsoftware.com\/ca\/wp-json\/wp\/v2\/posts\/100025\/revisions"}],"wp:featuredmedia":[{"embeddable":true,"href":"https:\/\/tucomarca.whitekongsoftware.com\/ca\/wp-json\/wp\/v2\/media\/92810"}],"wp:attachment":[{"href":"https:\/\/tucomarca.whitekongsoftware.com\/ca\/wp-json\/wp\/v2\/media?parent=100025"}],"wp:term":[{"taxonomy":"category","embeddable":true,"href":"https:\/\/tucomarca.whitekongsoftware.com\/ca\/wp-json\/wp\/v2\/categories?post=100025"},{"taxonomy":"post_tag","embeddable":true,"href":"https:\/\/tucomarca.whitekongsoftware.com\/ca\/wp-json\/wp\/v2\/tags?post=100025"}],"curies":[{"name":"wp","href":"https:\/\/api.w.org\/{rel}","templated":true}]}}