{"id":100019,"date":"2020-02-24T15:46:15","date_gmt":"2020-02-24T13:46:15","guid":{"rendered":"http:\/\/www.tucomarca.com\/wordpress\/segunda\/?p=100019"},"modified":"2020-02-24T15:46:21","modified_gmt":"2020-02-24T13:46:21","slug":"leliana-busca-aconseguir-el-record-de-2-000-dorsals-en-la-v-marxa-solidaria-contra-el-cancer","status":"publish","type":"post","link":"https:\/\/tucomarca.whitekongsoftware.com\/ca\/leliana-busca-aconseguir-el-record-de-2-000-dorsals-en-la-v-marxa-solidaria-contra-el-cancer\/","title":{"rendered":"L&#8217;Eliana busca aconseguir el r\u00e8cord de 2.000 dorsals en la V Marxa Solid\u00e0ria contra el C\u00e0ncer"},"content":{"rendered":"\n<p class=\"wp-block-paragraph\">El Sal\u00f3 de Plens de l&#8217;Ajuntament de l&#8217;Eliana ha acollit hui la presentaci\u00f3 de la V Marxa Solid\u00e0ria contra el C\u00e0ncer, inclosa dins del circuit de l&#8217;Associaci\u00f3 Espanyola Contra el C\u00e0ncer (AECC), RunC\u00e0ncer Val\u00e8ncia. Baix el lema \u2018Un Pas d\u00f3na Vida\u2019, l&#8217;esdeveniment esportiu tindr\u00e0 lloc diumenge que ve 1 de mar\u00e7 a les 11 hores des de la Pla\u00e7a del Pa\u00eds Valenci\u00e0 i recorrer\u00e0 un circuit urb\u00e0 de 5 quil\u00f2metres.<\/p>\n\n\n\n<p class=\"wp-block-paragraph\">Condu\u00eft per l&#8217;alcalde, Salva Torrent, i la regidora de Pol\u00edtica Esportiva, Concha Montaner, l&#8217;acte ha comptat amb la pres\u00e8ncia del Subdirector de la Junta Provincial AECC Val\u00e8ncia i director del circuit, Javier Llombart, la representant de la Junta Local, Paqui D\u00edaz, i la investigadora de l&#8217;Hospital de la Fe, Mireia Boluda.<\/p>\n\n\n\n<p class=\"wp-block-paragraph\">Per a aquesta nova edici\u00f3 m\u00e9s de 60 establiments de l&#8217;Associaci\u00f3 de Comer\u00e7os, Restauraci\u00f3 i Serveis de l&#8217;Eliana s&#8217;han unit a la venda de dorsals solidaris, junt als centres educatius del municipi, buscant aconseguir la xifra de 2.000 dorsals.<\/p>\n\n\n\n<p class=\"wp-block-paragraph\">Com en anys anteriors, els dorsals tenen un cost de 3 euros destinats \u00edntegrament a la investigaci\u00f3 i les samarretes del circuit, que en aquest 2020 estan fabricades en poli\u00e8ster 100% reciclat, podran adquirir-se per 6 euros el mateix dia de la marxa.<\/p>\n\n\n\n<p class=\"wp-block-paragraph\">La regidora de Pol\u00edtica Esportiva, Concha Montaner, ha agra\u00eft als participants la seua implicaci\u00f3 en un esdeveniment en el qual l&#8217;Eliana va ser pionera a sumar-se fa ja quatre anys i que \u201cbusca tamb\u00e9 incorporar a la dona en l&#8217;activitat f\u00edsica i els h\u00e0bits de vida saludable\u201d.&nbsp;<\/p>\n\n\n\n<p class=\"wp-block-paragraph\">Per part seua, l&#8217;alcalde Salva Torrent, ha destacat el comprom\u00eds mediambiental d&#8217;aquesta edici\u00f3 amb accions com la borsa del corredor de paper reciclat o la instal\u00b7laci\u00f3 de contenidors de reciclatge en el recorregut. A m\u00e9s ha volgut fer una crida a la participaci\u00f3 d\u2019elianers i elianeres per a \u201cfer entre tots comunitat i poble, caminant junts com a mostra de suport als qui pateixen aquesta terrible malaltia que, d&#8217;una forma o una altra, ens toca de prop a tots\u201d.<\/p>\n","protected":false},"excerpt":{"rendered":"<div class=\"mh-excerpt\">El Sal\u00f3 de Plens de l&#8217;Ajuntament de l&#8217;Eliana ha acollit hui la presentaci\u00f3 de la V Marxa Solid\u00e0ria contra el C\u00e0ncer, inclosa dins del circuit de l&#8217;Associaci\u00f3 Espanyola Contra el C\u00e0ncer (AECC), RunC\u00e0ncer Val\u00e8ncia. Baix <a class=\"mh-excerpt-more\" href=\"https:\/\/tucomarca.whitekongsoftware.com\/ca\/leliana-busca-aconseguir-el-record-de-2-000-dorsals-en-la-v-marxa-solidaria-contra-el-cancer\/\" title=\"L&#8217;Eliana busca aconseguir el r\u00e8cord de 2.000 dorsals en la V Marxa Solid\u00e0ria contra el C\u00e0ncer\">[+] <\/a><\/div>\n","protected":false},"author":1,"featured_media":100017,"comment_status":"open","ping_status":"open","sticky":false,"template":"","format":"standard","meta":{"footnotes":""},"categories":[10892,11010,10898,10894,10893,10896],"tags":[10395],"class_list":["post-100019","post","type-post","status-publish","format-standard","has-post-thumbnail","category-camp-de-turia-ca","category-canal-salud","category-ventana-ca","category-la-comarca-ca","category-leliana-ca","category-seccion-ca","tag-camp-de-turia"],"_links":{"self":[{"href":"https:\/\/tucomarca.whitekongsoftware.com\/ca\/wp-json\/wp\/v2\/posts\/100019","targetHints":{"allow":["GET"]}}],"collection":[{"href":"https:\/\/tucomarca.whitekongsoftware.com\/ca\/wp-json\/wp\/v2\/posts"}],"about":[{"href":"https:\/\/tucomarca.whitekongsoftware.com\/ca\/wp-json\/wp\/v2\/types\/post"}],"author":[{"embeddable":true,"href":"https:\/\/tucomarca.whitekongsoftware.com\/ca\/wp-json\/wp\/v2\/users\/1"}],"replies":[{"embeddable":true,"href":"https:\/\/tucomarca.whitekongsoftware.com\/ca\/wp-json\/wp\/v2\/comments?post=100019"}],"version-history":[{"count":0,"href":"https:\/\/tucomarca.whitekongsoftware.com\/ca\/wp-json\/wp\/v2\/posts\/100019\/revisions"}],"wp:featuredmedia":[{"embeddable":true,"href":"https:\/\/tucomarca.whitekongsoftware.com\/ca\/wp-json\/wp\/v2\/media\/100017"}],"wp:attachment":[{"href":"https:\/\/tucomarca.whitekongsoftware.com\/ca\/wp-json\/wp\/v2\/media?parent=100019"}],"wp:term":[{"taxonomy":"category","embeddable":true,"href":"https:\/\/tucomarca.whitekongsoftware.com\/ca\/wp-json\/wp\/v2\/categories?post=100019"},{"taxonomy":"post_tag","embeddable":true,"href":"https:\/\/tucomarca.whitekongsoftware.com\/ca\/wp-json\/wp\/v2\/tags?post=100019"}],"curies":[{"name":"wp","href":"https:\/\/api.w.org\/{rel}","templated":true}]}}