{"id":100003,"date":"2020-02-21T14:31:18","date_gmt":"2020-02-21T12:31:18","guid":{"rendered":"http:\/\/www.tucomarca.com\/wordpress\/segunda\/?p=100003"},"modified":"2020-02-21T14:31:20","modified_gmt":"2020-02-21T12:31:20","slug":"hui-arranca-el-carnestoltes-a-utiel-amb-lexpectacio-del-concurs-de-disfresses-i-coplillas","status":"publish","type":"post","link":"https:\/\/tucomarca.whitekongsoftware.com\/ca\/hui-arranca-el-carnestoltes-a-utiel-amb-lexpectacio-del-concurs-de-disfresses-i-coplillas\/","title":{"rendered":"Hui arranca el Carnestoltes a Utiel amb l&#8217;expectaci\u00f3 del Concurs de Disfresses i Coplillas"},"content":{"rendered":"\n<p class=\"wp-block-paragraph\"><strong>Fins a diumenge que ve 23 de febrer, Utiel celebra concursos de disfresses, desfilades cercaviles i sessions de ball per a celebrar la gran festa del Carnestoltes<\/strong><\/p>\n\n\n\n<p class=\"wp-block-paragraph\">Aquesta nit, a partir de les 22.30 hores, comencen els Carnestoltes a Utiel amb l&#8217;esperat Concurs de Disfresses i Coplillas que any rere any completa l&#8217;aforament de Teatre Rambal.<\/p>\n\n\n\n<p class=\"wp-block-paragraph\">En aquesta edici\u00f3 ha augmentat el nombre de participants comptant amb 9 inscrits en la modalitat de disfressa individual; 11 en disfressa de comparses i 4 interpretacions de coplillas.<\/p>\n\n\n\n<p class=\"wp-block-paragraph\">Un concurs en qu\u00e8 es valora el disseny dels vestits, el maquillatge i caracteritzaci\u00f3, la coreografia, la creativitat i originalitat, la posada en escena, actualitat de la narraci\u00f3 i sincronia, entre d&#8217;altres aspectes.<\/p>\n\n\n\n<p class=\"wp-block-paragraph\">Despr\u00e9s del Concurs de Disfresses i Coplillas, a la 1 de la matinada, continuar\u00e0 la festa amb el Ball de Carnaval amb Discom\u00f2bil al Sal\u00f3 Polivalent.<\/p>\n\n\n\n<p class=\"wp-block-paragraph\"><strong>Desfilada i cercavila amb disfresses i Balls de Carnaval<\/strong><\/p>\n\n\n\n<p class=\"wp-block-paragraph\">Dem\u00e0, dissabte 22 de febrer, a les 17.30 hores, la Pla\u00e7a de l&#8217;Ajuntament d&#8217;Utiel es vestir\u00e0 de Carnestoltes a l&#8217;rebre a centenars de disfressats, m\u00e0scares i comparses, per iniciar la desfilada i cercavila pels principals carrers d&#8217;Utiel compartint alegria i animaci\u00f3 a l&#8217; ritme de la m\u00fasica.<\/p>\n\n\n\n<p class=\"wp-block-paragraph\">Ja a partir de les 20.00 hores, al Sal\u00f3 Polivalent, se celebrar\u00e0 un altre dels moments m\u00e9s esperats de les festes de Carnaval: El lliurament de premis dels Concursos de Disfresses i Coplillas, amb els quals es reconeix la dedicaci\u00f3 i creativitat dels participants. En total, l&#8217;Ajuntament d&#8217;Utiel reparteix m\u00e9s de 1.700 \u20ac entre els premiats i fa entrega de diferents distincions, com la de millor posada en escena o maquillatge.<\/p>\n\n\n\n<p class=\"wp-block-paragraph\">Despr\u00e9s de lliurar els premis, la festa continuar\u00e0 amb l&#8217;actuaci\u00f3 de el Grup Nexus en sessions de tarda i nit.<\/p>\n\n\n\n<p class=\"wp-block-paragraph\">I per acomiadar els Carnestoltes a Utiel, el diumenge 23 de febrer, a les 18.00 hores, els m\u00e9s petits podran gaudir de el Ball de Carnaval per M\u00e0scares Infantils amb discom\u00f2bil, animaci\u00f3 amb personatges infantils i regal de llaminadures per endolcir una de les festes m\u00e9s divertides i acolorides de l&#8217;any.<\/p>\n","protected":false},"excerpt":{"rendered":"<div class=\"mh-excerpt\">Fins a diumenge que ve 23 de febrer, Utiel celebra concursos de disfresses, desfilades cercaviles i sessions de ball per a celebrar la gran festa del Carnestoltes Aquesta nit, a partir de les 22.30 hores, <a class=\"mh-excerpt-more\" href=\"https:\/\/tucomarca.whitekongsoftware.com\/ca\/hui-arranca-el-carnestoltes-a-utiel-amb-lexpectacio-del-concurs-de-disfresses-i-coplillas\/\" title=\"Hui arranca el Carnestoltes a Utiel amb l&#8217;expectaci\u00f3 del Concurs de Disfresses i Coplillas\">[+] <\/a><\/div>\n","protected":false},"author":12,"featured_media":100001,"comment_status":"open","ping_status":"open","sticky":false,"template":"","format":"standard","meta":{"footnotes":""},"categories":[11019,11007,10909,10896,11059],"tags":[10389],"class_list":["post-100003","post","type-post","status-publish","format-standard","has-post-thumbnail","category-agenda-ca","category-ocio-y-cultura-ca","category-requena-utiel-ca","category-seccion-ca","category-utiel-ca","tag-utiel"],"_links":{"self":[{"href":"https:\/\/tucomarca.whitekongsoftware.com\/ca\/wp-json\/wp\/v2\/posts\/100003","targetHints":{"allow":["GET"]}}],"collection":[{"href":"https:\/\/tucomarca.whitekongsoftware.com\/ca\/wp-json\/wp\/v2\/posts"}],"about":[{"href":"https:\/\/tucomarca.whitekongsoftware.com\/ca\/wp-json\/wp\/v2\/types\/post"}],"author":[{"embeddable":true,"href":"https:\/\/tucomarca.whitekongsoftware.com\/ca\/wp-json\/wp\/v2\/users\/12"}],"replies":[{"embeddable":true,"href":"https:\/\/tucomarca.whitekongsoftware.com\/ca\/wp-json\/wp\/v2\/comments?post=100003"}],"version-history":[{"count":0,"href":"https:\/\/tucomarca.whitekongsoftware.com\/ca\/wp-json\/wp\/v2\/posts\/100003\/revisions"}],"wp:featuredmedia":[{"embeddable":true,"href":"https:\/\/tucomarca.whitekongsoftware.com\/ca\/wp-json\/wp\/v2\/media\/100001"}],"wp:attachment":[{"href":"https:\/\/tucomarca.whitekongsoftware.com\/ca\/wp-json\/wp\/v2\/media?parent=100003"}],"wp:term":[{"taxonomy":"category","embeddable":true,"href":"https:\/\/tucomarca.whitekongsoftware.com\/ca\/wp-json\/wp\/v2\/categories?post=100003"},{"taxonomy":"post_tag","embeddable":true,"href":"https:\/\/tucomarca.whitekongsoftware.com\/ca\/wp-json\/wp\/v2\/tags?post=100003"}],"curies":[{"name":"wp","href":"https:\/\/api.w.org\/{rel}","templated":true}]}}